{"id":227729,"date":"2025-08-26T08:35:53","date_gmt":"2025-08-26T15:35:53","guid":{"rendered":"https:\/\/rnoticias.com.mx\/Portal\/?p=227729"},"modified":"2025-08-26T08:35:53","modified_gmt":"2025-08-26T15:35:53","slug":"karol-g-se-convierte-en-la-primera-invitada-latina-en-el-cabare-crazy-horse-de-paris","status":"publish","type":"post","link":"https:\/\/rnoticias.com.mx\/Portal\/2025\/08\/26\/karol-g-se-convierte-en-la-primera-invitada-latina-en-el-cabare-crazy-horse-de-paris\/","title":{"rendered":"Karol G se convierte en la primera invitada latina en el cabar\u00e9 Crazy Horse de Par\u00eds"},"content":{"rendered":"<p>La colombiana\u00a0<strong>Karol G se convertir\u00e1 en la primera estrella invitada latina en el Crazy Horse,<\/strong>\u00a0uno de los cabar\u00e9s m\u00e1s conocidos de Par\u00eds, con un espect\u00e1culo que se representar\u00e1 del 25 al 28 de septiembre.<\/p>\n<p>Karol G interpretar\u00e1 en los ocho shows\u00a0<strong>&#8220;exclusivos&#8221;<\/strong>\u00a0de esos cuatro d\u00edas una serie de n\u00fameros creados a medida, lo que incluye varios de sus temas de su nuevo \u00e1lbum Tropicoqueta, que sali\u00f3 el pasado 20 de junio, explic\u00f3 este lunes en un comunicado el Crazy Horse.<\/p>\n<p>El cabar\u00e9 de la capital francesa, creado en 1951, afirm\u00f3 que la cantante y compositora colombiana,<strong>\u00a0&#8220;entre las m\u00e1s influyentes del mundo&#8221;<\/strong>\u00a0y ganadora del Grammy, pondr\u00e1 su marca en una larga lista de estrellas invitadas que han pasado por all\u00ed, como Dita Von Teese, Viktoria Modesta, Violet Chachki o Lisa de Blackpink.<\/p>\n<p><strong>&#8220;Figura destacada de la industria musical mundial, va a imponer su est\u00e9tica poderosa, femenina y audaz, en perfecta resonancia con el esp\u00edritu del cabaret&#8221;<\/strong>, indic\u00f3.<\/p>\n<p>Para la directora general responsable de la creaci\u00f3n y las marcas, Andr\u00e9e Deissenberg, Karol G\u00a0<strong>&#8220;encarna un verdadero &#8216;girl power'&#8221; y eso la &#8220;uni\u00f3 inmediatamente&#8221; al equipo del cabar\u00e9.<\/strong><\/p>\n<p><strong>&#8220;Encontrar &#8216;beats&#8217; latinos en el Crazy Horse es algo totalmente in\u00e9dito en m\u00e1s de 70 a\u00f1os de historia, pero no dud\u00e9 un segundo: me sedujo su personalidad \u00fanica. De hecho, Karol G ya era plenamente Crazy Horse&#8221;<\/strong>, a\u00f1adi\u00f3.<\/p>\n","protected":false},"excerpt":{"rendered":"<p>La colombiana\u00a0Karol G se convertir\u00e1 en la primera estrella invitada latina en el Crazy Horse,\u00a0uno de los cabar\u00e9s m\u00e1s conocidos de Par\u00eds, con un espect\u00e1culo que se representar\u00e1 del 25 al 28 de septiembre. Karol G interpretar\u00e1 en los ocho shows\u00a0&#8220;exclusivos&#8221;\u00a0de esos cuatro d\u00edas una serie de n\u00fameros creados a medida, lo que incluye varios [&hellip;]<\/p>\n","protected":false},"author":2,"featured_media":227730,"comment_status":"closed","ping_status":"closed","sticky":false,"template":"","format":"standard","meta":{"footnotes":""},"categories":[12870,219],"tags":[12865,12875],"class_list":["post-227729","post","type-post","status-publish","format-standard","has-post-thumbnail","hentry","category-destacadas","category-espectaculos","tag-destacadas","tag-espectaculos"],"jetpack_featured_media_url":"https:\/\/rnoticias.com.mx\/Portal\/wp-content\/uploads\/2025\/08\/karol-g-en-el-cabaret-crazy-horse-en-paris.webp","amp_enabled":true,"_links":{"self":[{"href":"https:\/\/rnoticias.com.mx\/Portal\/wp-json\/wp\/v2\/posts\/227729","targetHints":{"allow":["GET"]}}],"collection":[{"href":"https:\/\/rnoticias.com.mx\/Portal\/wp-json\/wp\/v2\/posts"}],"about":[{"href":"https:\/\/rnoticias.com.mx\/Portal\/wp-json\/wp\/v2\/types\/post"}],"author":[{"embeddable":true,"href":"https:\/\/rnoticias.com.mx\/Portal\/wp-json\/wp\/v2\/users\/2"}],"replies":[{"embeddable":true,"href":"https:\/\/rnoticias.com.mx\/Portal\/wp-json\/wp\/v2\/comments?post=227729"}],"version-history":[{"count":1,"href":"https:\/\/rnoticias.com.mx\/Portal\/wp-json\/wp\/v2\/posts\/227729\/revisions"}],"predecessor-version":[{"id":227731,"href":"https:\/\/rnoticias.com.mx\/Portal\/wp-json\/wp\/v2\/posts\/227729\/revisions\/227731"}],"wp:featuredmedia":[{"embeddable":true,"href":"https:\/\/rnoticias.com.mx\/Portal\/wp-json\/wp\/v2\/media\/227730"}],"wp:attachment":[{"href":"https:\/\/rnoticias.com.mx\/Portal\/wp-json\/wp\/v2\/media?parent=227729"}],"wp:term":[{"taxonomy":"category","embeddable":true,"href":"https:\/\/rnoticias.com.mx\/Portal\/wp-json\/wp\/v2\/categories?post=227729"},{"taxonomy":"post_tag","embeddable":true,"href":"https:\/\/rnoticias.com.mx\/Portal\/wp-json\/wp\/v2\/tags?post=227729"}],"curies":[{"name":"wp","href":"https:\/\/api.w.org\/{rel}","templated":true}]}}