{"id":227724,"date":"2025-08-26T08:04:06","date_gmt":"2025-08-26T15:04:06","guid":{"rendered":"https:\/\/rnoticias.com.mx\/Portal\/?p=227724"},"modified":"2025-08-26T08:04:06","modified_gmt":"2025-08-26T15:04:06","slug":"checo-perez-regresa-a-f1-sera-piloto-de-cadillac-junto-a-bottas","status":"publish","type":"post","link":"https:\/\/rnoticias.com.mx\/Portal\/2025\/08\/26\/checo-perez-regresa-a-f1-sera-piloto-de-cadillac-junto-a-bottas\/","title":{"rendered":"&#8216;Checo&#8217; P\u00e9rez regresa a F1; ser\u00e1 piloto de Cadillac junto a Bottas"},"content":{"rendered":"<p>El mexicano Sergio &#8216;<strong>Checo<\/strong>&#8216;\u00a0<strong>P\u00e9rez<\/strong>\u00a0y el finland\u00e9s\u00a0<strong>Valtteri Bottas<\/strong>\u00a0ser\u00e1n los dos pilotos de\u00a0<strong>Cadillac<\/strong>\u00a0para la pr\u00f3xima temporada de\u00a0<strong>F\u00f3rmula Uno<\/strong>, seg\u00fan confirm\u00f3 este martes el equipo estadounidense.<\/p>\n<p>Cadillac, que cuenta con el respaldo de\u00a0<strong>General Motors<\/strong>\u00a0y estar\u00e1 dirigido por el exdirector deportivo de\u00a0<strong>Marussia Graeme Lowdon<\/strong>, se convertir\u00e1 en el und\u00e9cimo equipo de F\u00f3rmula Uno la pr\u00f3xima temporada.<\/p>\n<p>El fichaje por Cadillac supone el regreso para los\u00a0<strong>veteranos pilotos<\/strong>, ambos de 35 a\u00f1os, despu\u00e9s de perder sus respectivos asientos en los monoplazas de F\u00f3rmula Uno al final de la temporada pasada.<\/p>\n<p>En declaraciones ofrecidas por su equipo, Lowdon declar\u00f3 que &#8220;fichar a dos pilotos tan experimentados como Bottas y Checo es una clara se\u00f1al de intenciones. Lo han visto todo y saben lo que se necesita para triunfar en la F\u00f3rmula 1, pero lo m\u00e1s importante es que entienden lo que significa ayudar a construir un equipo\u201d.<\/p>\n<p>El mexicano &#8216;Checo&#8217; P\u00e9rez aportar\u00e1 su dilatada experiencia en la F1, habiendo competido para Sauber, McLaren y Force India\/Racing Point antes de pasar a\u00a0<strong>Red Bull<\/strong>, con el que ayud\u00f3 al equipo a ganar el\u00a0<strong>Mundial de Constructores<\/strong>\u00a0en 2022 y 2023.<\/p>\n","protected":false},"excerpt":{"rendered":"<p>El mexicano Sergio &#8216;Checo&#8216;\u00a0P\u00e9rez\u00a0y el finland\u00e9s\u00a0Valtteri Bottas\u00a0ser\u00e1n los dos pilotos de\u00a0Cadillac\u00a0para la pr\u00f3xima temporada de\u00a0F\u00f3rmula Uno, seg\u00fan confirm\u00f3 este martes el equipo estadounidense. Cadillac, que cuenta con el respaldo de\u00a0General Motors\u00a0y estar\u00e1 dirigido por el exdirector deportivo de\u00a0Marussia Graeme Lowdon, se convertir\u00e1 en el und\u00e9cimo equipo de F\u00f3rmula Uno la pr\u00f3xima temporada. El fichaje por [&hellip;]<\/p>\n","protected":false},"author":2,"featured_media":227725,"comment_status":"closed","ping_status":"closed","sticky":false,"template":"","format":"standard","meta":{"footnotes":""},"categories":[188,12870],"tags":[5231,12865],"class_list":["post-227724","post","type-post","status-publish","format-standard","has-post-thumbnail","hentry","category-deportes","category-destacadas","tag-deportes","tag-destacadas"],"jetpack_featured_media_url":"https:\/\/rnoticias.com.mx\/Portal\/wp-content\/uploads\/2025\/08\/Regresa-Sergio-Checo-Perez-a-la-F1-en-el-2026-firma-con-Cadillac-2.jpg","amp_enabled":true,"_links":{"self":[{"href":"https:\/\/rnoticias.com.mx\/Portal\/wp-json\/wp\/v2\/posts\/227724","targetHints":{"allow":["GET"]}}],"collection":[{"href":"https:\/\/rnoticias.com.mx\/Portal\/wp-json\/wp\/v2\/posts"}],"about":[{"href":"https:\/\/rnoticias.com.mx\/Portal\/wp-json\/wp\/v2\/types\/post"}],"author":[{"embeddable":true,"href":"https:\/\/rnoticias.com.mx\/Portal\/wp-json\/wp\/v2\/users\/2"}],"replies":[{"embeddable":true,"href":"https:\/\/rnoticias.com.mx\/Portal\/wp-json\/wp\/v2\/comments?post=227724"}],"version-history":[{"count":1,"href":"https:\/\/rnoticias.com.mx\/Portal\/wp-json\/wp\/v2\/posts\/227724\/revisions"}],"predecessor-version":[{"id":227726,"href":"https:\/\/rnoticias.com.mx\/Portal\/wp-json\/wp\/v2\/posts\/227724\/revisions\/227726"}],"wp:featuredmedia":[{"embeddable":true,"href":"https:\/\/rnoticias.com.mx\/Portal\/wp-json\/wp\/v2\/media\/227725"}],"wp:attachment":[{"href":"https:\/\/rnoticias.com.mx\/Portal\/wp-json\/wp\/v2\/media?parent=227724"}],"wp:term":[{"taxonomy":"category","embeddable":true,"href":"https:\/\/rnoticias.com.mx\/Portal\/wp-json\/wp\/v2\/categories?post=227724"},{"taxonomy":"post_tag","embeddable":true,"href":"https:\/\/rnoticias.com.mx\/Portal\/wp-json\/wp\/v2\/tags?post=227724"}],"curies":[{"name":"wp","href":"https:\/\/api.w.org\/{rel}","templated":true}]}}