{"id":227721,"date":"2025-08-26T08:03:02","date_gmt":"2025-08-26T15:03:02","guid":{"rendered":"https:\/\/rnoticias.com.mx\/Portal\/?p=227721"},"modified":"2025-08-26T08:06:16","modified_gmt":"2025-08-26T15:06:16","slug":"se-reune-lorenia-valles-integrantes-del-sector-minero-con-el-consul-de-estados-unidos-en-hermosillo","status":"publish","type":"post","link":"https:\/\/rnoticias.com.mx\/Portal\/2025\/08\/26\/se-reune-lorenia-valles-integrantes-del-sector-minero-con-el-consul-de-estados-unidos-en-hermosillo\/","title":{"rendered":"Se re\u00fane Lorenia Valles e integrantes del sector minero con el c\u00f3nsul de Estados Unidos en Hermosillo"},"content":{"rendered":"<p>Hermosillo, Sonora a 26 de Agosto del 2025;<\/p>\n<p>Con el objetivo de crear un puente de comunicaci\u00f3n con el sector minero de M\u00e9xico y Estados Unidos, nos reunimos con el c\u00f3nsul e integrantes del gremio, dijo la presidenta de la Comisi\u00f3n de miner\u00eda en el senado, Lorenia Valles Sampedro.<\/p>\n<p>\u201cAgradezco al C\u00f3nsul General de EE.UU. en Hermosillo, Drew Hoster, por la invitaci\u00f3n a esta reuni\u00f3n con miembros del sector minero para tener una comunicaci\u00f3n estrecha y poder conocer sus necesidades\u201d, coment\u00f3 la senadora.<\/p>\n<p>\u201cEn Sonora apostamos por una miner\u00eda responsable e inclusiva, capaz de generar desarrollo economico, cuidar nuestras comunidades y consolidar los lazos comerciales con nuestro pa\u00eds vecino del norte para impulsar un crecimiento mutuo y sostenible\u201d, apunt\u00f3 Valles.<\/p>\n<p>Mencion\u00f3 que es importante estar cerca de los actores del sector, porque a final de cuentas son los que tienen el an\u00e1lisis m\u00e1s profundo del qu\u00e9 y c\u00f3mo hacer las cosas para una mejora sustancial de la miner\u00eda y sobre todo, para que siga siendo una de las industrias m\u00e1s importantes del pa\u00eds.<\/p>\n","protected":false},"excerpt":{"rendered":"<p>Hermosillo, Sonora a 26 de Agosto del 2025; Con el objetivo de crear un puente de comunicaci\u00f3n con el sector minero de M\u00e9xico y Estados Unidos, nos reunimos con el c\u00f3nsul e integrantes del gremio, dijo la presidenta de la Comisi\u00f3n de miner\u00eda en el senado, Lorenia Valles Sampedro. \u201cAgradezco al C\u00f3nsul General de EE.UU. [&hellip;]<\/p>\n","protected":false},"author":2,"featured_media":227722,"comment_status":"closed","ping_status":"closed","sticky":false,"template":"","format":"standard","meta":{"footnotes":""},"categories":[12870,178],"tags":[12865,12869],"class_list":["post-227721","post","type-post","status-publish","format-standard","has-post-thumbnail","hentry","category-destacadas","category-local","tag-destacadas","tag-local"],"jetpack_featured_media_url":"https:\/\/rnoticias.com.mx\/Portal\/wp-content\/uploads\/2025\/08\/59da66b0-3855-498a-b0b6-468fd2e7c115-scaled.jpg","amp_enabled":true,"_links":{"self":[{"href":"https:\/\/rnoticias.com.mx\/Portal\/wp-json\/wp\/v2\/posts\/227721","targetHints":{"allow":["GET"]}}],"collection":[{"href":"https:\/\/rnoticias.com.mx\/Portal\/wp-json\/wp\/v2\/posts"}],"about":[{"href":"https:\/\/rnoticias.com.mx\/Portal\/wp-json\/wp\/v2\/types\/post"}],"author":[{"embeddable":true,"href":"https:\/\/rnoticias.com.mx\/Portal\/wp-json\/wp\/v2\/users\/2"}],"replies":[{"embeddable":true,"href":"https:\/\/rnoticias.com.mx\/Portal\/wp-json\/wp\/v2\/comments?post=227721"}],"version-history":[{"count":2,"href":"https:\/\/rnoticias.com.mx\/Portal\/wp-json\/wp\/v2\/posts\/227721\/revisions"}],"predecessor-version":[{"id":227728,"href":"https:\/\/rnoticias.com.mx\/Portal\/wp-json\/wp\/v2\/posts\/227721\/revisions\/227728"}],"wp:featuredmedia":[{"embeddable":true,"href":"https:\/\/rnoticias.com.mx\/Portal\/wp-json\/wp\/v2\/media\/227722"}],"wp:attachment":[{"href":"https:\/\/rnoticias.com.mx\/Portal\/wp-json\/wp\/v2\/media?parent=227721"}],"wp:term":[{"taxonomy":"category","embeddable":true,"href":"https:\/\/rnoticias.com.mx\/Portal\/wp-json\/wp\/v2\/categories?post=227721"},{"taxonomy":"post_tag","embeddable":true,"href":"https:\/\/rnoticias.com.mx\/Portal\/wp-json\/wp\/v2\/tags?post=227721"}],"curies":[{"name":"wp","href":"https:\/\/api.w.org\/{rel}","templated":true}]}}