{"id":227716,"date":"2025-08-25T20:54:35","date_gmt":"2025-08-26T03:54:35","guid":{"rendered":"https:\/\/rnoticias.com.mx\/Portal\/?p=227716"},"modified":"2025-08-25T20:54:35","modified_gmt":"2025-08-26T03:54:35","slug":"imparten-platica-el-buen-juez-por-su-casa-empieza-sobre-uso-responsable-de-agua-a-colaboradores-del-municipio","status":"publish","type":"post","link":"https:\/\/rnoticias.com.mx\/Portal\/2025\/08\/25\/imparten-platica-el-buen-juez-por-su-casa-empieza-sobre-uso-responsable-de-agua-a-colaboradores-del-municipio\/","title":{"rendered":"Imparten pl\u00e1tica \u201cEl Buen Juez por su Casa Empieza\u201d sobre uso responsable de agua a colaboradores del Municipio"},"content":{"rendered":"<p>Hermosillo, Sonora; 24 de agosto de 2025.- Con el prop\u00f3sito de fortalecer el uso responsable del agua en las dependencias municipales, personal de diversas \u00e1reas del Ayuntamiento particip\u00f3 en la pl\u00e1tica \u201cEl Buen Juez por su Casa Empieza\u201d, impartida por la gerente de Cultura del Agua, Rebeca Villanueva Oviedo.<\/p>\n<p>La funcionaria de Agua de Hermosillo explic\u00f3 que este programa responde a la situaci\u00f3n de sequ\u00eda que enfrenta la ciudad y a la preocupaci\u00f3n constante del presidente municipal, Antonio Astiazar\u00e1n Guti\u00e9rrez, por implementar acciones que garanticen el cuidado del recurso h\u00eddrico.<\/p>\n<p>Durante la charla, se nombr\u00f3 a un &#8220;Guardi\u00e1n del Agua&#8221; en cada dependencia, encargado de vigilar el uso correcto del recurso, detectar fugas y reportarlas oportunamente.<\/p>\n<p>Adem\u00e1s, se colocaron calcoman\u00edas en sanitarios e instalaciones del Palacio Municipal con mensajes de concientizaci\u00f3n, medida que tambi\u00e9n se replicar\u00e1 en el resto de las oficinas municipales.<\/p>\n<p>Villanueva Oviedo comparti\u00f3 recomendaciones pr\u00e1cticas sobre saneamiento, detecci\u00f3n de fugas y h\u00e1bitos cotidianos que permiten reducir el consumo de agua, as\u00ed como informaci\u00f3n sobre concursos que promueven las buenas pr\u00e1cticas ciudadanas, entre ellos \u201cSe Busca\u201d, en el que se reconocen propuestas innovadoras de aprovechamiento del recurso, como el uso de lluvia s\u00f3lida o la reutilizaci\u00f3n del agua de aires acondicionados y lavadoras.<\/p>\n<p>Finalmente, la funcionaria invit\u00f3 al personal a convertirse en agentes de cambio que promuevan la cultura del agua no solo en su entorno laboral, sino tambi\u00e9n con sus familias y comunidades.<\/p>\n","protected":false},"excerpt":{"rendered":"<p>Hermosillo, Sonora; 24 de agosto de 2025.- Con el prop\u00f3sito de fortalecer el uso responsable del agua en las dependencias municipales, personal de diversas \u00e1reas del Ayuntamiento particip\u00f3 en la pl\u00e1tica \u201cEl Buen Juez por su Casa Empieza\u201d, impartida por la gerente de Cultura del Agua, Rebeca Villanueva Oviedo. La funcionaria de Agua de Hermosillo [&hellip;]<\/p>\n","protected":false},"author":2,"featured_media":227717,"comment_status":"closed","ping_status":"closed","sticky":false,"template":"","format":"standard","meta":{"footnotes":""},"categories":[178],"tags":[12869],"class_list":["post-227716","post","type-post","status-publish","format-standard","has-post-thumbnail","hentry","category-local","tag-local"],"jetpack_featured_media_url":"https:\/\/rnoticias.com.mx\/Portal\/wp-content\/uploads\/2025\/08\/7a2eb1b9-001a-4f7a-9c9c-0a16646511f5.jpg","amp_enabled":true,"_links":{"self":[{"href":"https:\/\/rnoticias.com.mx\/Portal\/wp-json\/wp\/v2\/posts\/227716","targetHints":{"allow":["GET"]}}],"collection":[{"href":"https:\/\/rnoticias.com.mx\/Portal\/wp-json\/wp\/v2\/posts"}],"about":[{"href":"https:\/\/rnoticias.com.mx\/Portal\/wp-json\/wp\/v2\/types\/post"}],"author":[{"embeddable":true,"href":"https:\/\/rnoticias.com.mx\/Portal\/wp-json\/wp\/v2\/users\/2"}],"replies":[{"embeddable":true,"href":"https:\/\/rnoticias.com.mx\/Portal\/wp-json\/wp\/v2\/comments?post=227716"}],"version-history":[{"count":1,"href":"https:\/\/rnoticias.com.mx\/Portal\/wp-json\/wp\/v2\/posts\/227716\/revisions"}],"predecessor-version":[{"id":227718,"href":"https:\/\/rnoticias.com.mx\/Portal\/wp-json\/wp\/v2\/posts\/227716\/revisions\/227718"}],"wp:featuredmedia":[{"embeddable":true,"href":"https:\/\/rnoticias.com.mx\/Portal\/wp-json\/wp\/v2\/media\/227717"}],"wp:attachment":[{"href":"https:\/\/rnoticias.com.mx\/Portal\/wp-json\/wp\/v2\/media?parent=227716"}],"wp:term":[{"taxonomy":"category","embeddable":true,"href":"https:\/\/rnoticias.com.mx\/Portal\/wp-json\/wp\/v2\/categories?post=227716"},{"taxonomy":"post_tag","embeddable":true,"href":"https:\/\/rnoticias.com.mx\/Portal\/wp-json\/wp\/v2\/tags?post=227716"}],"curies":[{"name":"wp","href":"https:\/\/api.w.org\/{rel}","templated":true}]}}