{"id":227713,"date":"2025-08-25T20:53:35","date_gmt":"2025-08-26T03:53:35","guid":{"rendered":"https:\/\/rnoticias.com.mx\/Portal\/?p=227713"},"modified":"2025-08-25T20:53:35","modified_gmt":"2025-08-26T03:53:35","slug":"feminicida-de-veronica-benitez-interpone-amparo-contra-condena-de-62-anos","status":"publish","type":"post","link":"https:\/\/rnoticias.com.mx\/Portal\/2025\/08\/25\/feminicida-de-veronica-benitez-interpone-amparo-contra-condena-de-62-anos\/","title":{"rendered":"Feminicida de Ver\u00f3nica Ben\u00edtez interpone amparo contra condena de 62 a\u00f1os"},"content":{"rendered":"<p class=\"nota-justify\"><i>Ciudad de M\u00e9xico.\u00a0<\/i>Luis \u00c1ngel Reyes Jim\u00e9nez, autor del feminicidio de la joven universitaria Ver\u00f3nica Guadalupe Ben\u00edtez Vega, cometido el 6 de julio de 2017 en el Estado de M\u00e9xico, interpuso un amparo en contra de la resoluci\u00f3n de segunda instancia, emitida en mayo de 2019, que lo condena a 62 a\u00f1os y seis meses de prisi\u00f3n por este delito, inform\u00f3 este lunes V\u00edctor Rogelio Caballero Sierra, abogado del colectivo Aequus.<\/p>\n<p class=\"nota-justify\">En conferencia de prensa, Caballero Sierra detall\u00f3 que la familia de Guadalupe, estudiante de la Facultad de Estudios Superiores Cuautitl\u00e1n, apenas fue notificada el pasado d\u00eda 14 de este nuevo recurso por el Segundo Tribunal de Alzada en Materia Penal de Tlalnepantla, por lo que \u201cnos lleva a dar inici\u00f3 a una etapa de la lucha por la verdad y la justicia en el caso\u201d.<\/p>\n<p class=\"nota-justify\">Sobre el amparo, resalt\u00f3, que la sala inform\u00f3 que el expediente ser\u00eda remitido en estos d\u00edas al Tribunal Colegiado del Segundo Circuito, en Toluca, para dar continuidad con los tr\u00e1mites correspondientes, \u201ces decir, que le tocara a uno de los cuatro Tribunales Colegiados Federales en Materia Penal que existen en el Estado de M\u00e9xico, resolver el caso\u201d.<\/p>\n<p class=\"nota-justify\">A seis a\u00f1os de haberse emitido esta sentencia, el abogado explic\u00f3: \u201cconsideramos pertinente resaltar que si bien la Ley de Amparo, otorga a los sentenciados el plazo de hasta ocho a\u00f1os para interponer una demanda de amparo directo en contra de una sentencia condenatoria, es evidente que la decisi\u00f3n del feminicida de hacerlo hasta este momento si nos genera much\u00edsima suspicacia\u201d.<\/p>\n<p class=\"nota-justify\">Principalmente, agreg\u00f3, es porque \u201cnunca hemos confiado del todo en los poderes judiciales, ahora vemos mucho m\u00e1s compleja la situaci\u00f3n, dado que a la dif\u00edcil situaci\u00f3n que implica la corrupci\u00f3n\u201d. A esto, sum\u00f3 que ahora existe un \u201cingrediente pol\u00edtico en un poder judicial cooptado por el r\u00e9gimen\u201d, un terreno donde -se\u00f1al\u00f3- la organizaci\u00f3n est\u00e1 lista para combatir.<\/p>\n<p class=\"nota-justify\">Caballero destac\u00f3 que los argumentos de Reyes Jim\u00e9nez en su amparo son infundados porque pretende hacer valer violaciones a sus derechos humanos en aspectos procesales que debi\u00f3 impugnar en su momento, y de haberlo hecho tampoco se aplicar\u00edan.<\/p>\n<p class=\"nota-justify\">Apiunt\u00f3 que han pasado m\u00e1s de seis a\u00f1os desde que se dict\u00f3 esta sentencia y a la fecha las autoridades mexiquenses del Poder Judicial, la Fiscal\u00eda General de Justicia y la Comisi\u00f3n Estatal de V\u00edctimas no han incorporado a la familia de Guadalupe, especialmente a su hijo, en el Registro Estatal de V\u00edctimas, con la finalidad de tener acceso a las medidas de reparaci\u00f3n contenidas en la ley.<\/p>\n<p>&nbsp;<\/p>\n<p>La Jornada<\/p>\n","protected":false},"excerpt":{"rendered":"<p>Ciudad de M\u00e9xico.\u00a0Luis \u00c1ngel Reyes Jim\u00e9nez, autor del feminicidio de la joven universitaria Ver\u00f3nica Guadalupe Ben\u00edtez Vega, cometido el 6 de julio de 2017 en el Estado de M\u00e9xico, interpuso un amparo en contra de la resoluci\u00f3n de segunda instancia, emitida en mayo de 2019, que lo condena a 62 a\u00f1os y seis meses de [&hellip;]<\/p>\n","protected":false},"author":2,"featured_media":227714,"comment_status":"closed","ping_status":"closed","sticky":false,"template":"","format":"standard","meta":{"footnotes":""},"categories":[12870,172],"tags":[12865,12874],"class_list":["post-227713","post","type-post","status-publish","format-standard","has-post-thumbnail","hentry","category-destacadas","category-nacional","tag-destacadas","tag-nacional"],"jetpack_featured_media_url":"https:\/\/rnoticias.com.mx\/Portal\/wp-content\/uploads\/2025\/08\/gggg-1.jpg","amp_enabled":true,"_links":{"self":[{"href":"https:\/\/rnoticias.com.mx\/Portal\/wp-json\/wp\/v2\/posts\/227713","targetHints":{"allow":["GET"]}}],"collection":[{"href":"https:\/\/rnoticias.com.mx\/Portal\/wp-json\/wp\/v2\/posts"}],"about":[{"href":"https:\/\/rnoticias.com.mx\/Portal\/wp-json\/wp\/v2\/types\/post"}],"author":[{"embeddable":true,"href":"https:\/\/rnoticias.com.mx\/Portal\/wp-json\/wp\/v2\/users\/2"}],"replies":[{"embeddable":true,"href":"https:\/\/rnoticias.com.mx\/Portal\/wp-json\/wp\/v2\/comments?post=227713"}],"version-history":[{"count":1,"href":"https:\/\/rnoticias.com.mx\/Portal\/wp-json\/wp\/v2\/posts\/227713\/revisions"}],"predecessor-version":[{"id":227715,"href":"https:\/\/rnoticias.com.mx\/Portal\/wp-json\/wp\/v2\/posts\/227713\/revisions\/227715"}],"wp:featuredmedia":[{"embeddable":true,"href":"https:\/\/rnoticias.com.mx\/Portal\/wp-json\/wp\/v2\/media\/227714"}],"wp:attachment":[{"href":"https:\/\/rnoticias.com.mx\/Portal\/wp-json\/wp\/v2\/media?parent=227713"}],"wp:term":[{"taxonomy":"category","embeddable":true,"href":"https:\/\/rnoticias.com.mx\/Portal\/wp-json\/wp\/v2\/categories?post=227713"},{"taxonomy":"post_tag","embeddable":true,"href":"https:\/\/rnoticias.com.mx\/Portal\/wp-json\/wp\/v2\/tags?post=227713"}],"curies":[{"name":"wp","href":"https:\/\/api.w.org\/{rel}","templated":true}]}}