{"id":227704,"date":"2025-08-25T20:29:55","date_gmt":"2025-08-26T03:29:55","guid":{"rendered":"https:\/\/rnoticias.com.mx\/Portal\/?p=227704"},"modified":"2025-08-25T20:29:55","modified_gmt":"2025-08-26T03:29:55","slug":"muere-veronica-echegui-famosa-actriz-de-la-pelicula-me-estas-matando-susana","status":"publish","type":"post","link":"https:\/\/rnoticias.com.mx\/Portal\/2025\/08\/25\/muere-veronica-echegui-famosa-actriz-de-la-pelicula-me-estas-matando-susana\/","title":{"rendered":"Muere Ver\u00f3nica Echegui, famosa actriz de la pel\u00edcula &#8216;Me est\u00e1s matando Susana&#8217;"},"content":{"rendered":"<p>La actriz espa\u00f1ola\u00a0<strong>Ver\u00f3nica Echegui<\/strong>, conocida por su papel en Yo soy la Juani y su trabajo como directora por el cortometraje T\u00f3tem Loba,\u00a0<strong>falleci\u00f3<\/strong>\u00a0el domingo en Madrid.<\/p>\n<p>La noticia ha generado una profunda conmoci\u00f3n en la\u00a0<strong>industria cinematogr\u00e1fica<\/strong>\u00a0y entre sus seguidores, quienes han llenado las\u00a0<strong>redes sociales<\/strong>\u00a0con mensajes de cari\u00f1o y admiraci\u00f3n.<\/p>\n<p>Echegui falleci\u00f3 en el Hospital 12 de Octubre de Madrid, donde llevaba ingresada desde finales de julio\u00a0debido a un\u00a0<strong>c\u00e1ncer<\/strong>, seg\u00fan han confirmado la Agencia\u00a0EFE. Pese a que la noticia de su enfermedad se mantuvo en estricta discreci\u00f3n, se sabe que la actriz enfrent\u00f3 una lucha silenciosa contra esta enfermedad en sus \u00faltimos meses.\u00a0La\u00a0<strong>Uni\u00f3n de Actores y Actrices<\/strong>\u00a0confirm\u00f3 la triste noticia a trav\u00e9s de su cuenta en la red social X, destacando el impacto de su p\u00e9rdida en el mundo del cine.<\/p>\n<p>Echegui se form\u00f3 en la Real Escuela Superior de Arte Dram\u00e1tico, debut\u00f3 en peque\u00f1os papeles en series como\u00a0<strong>Una nueva vida<\/strong>\u00a0y\u00a0<strong>Paco y Veva<\/strong>.\u00a0Su gran oportunidad lleg\u00f3 en 2006 con\u00a0<strong>Yo soy la Juani<\/strong>, dirigida por Bigas Luna, un papel que la catapult\u00f3 a la fama y le vali\u00f3 una nominaci\u00f3n al Goya como Mejor Actriz Revelaci\u00f3n. La actriz es conocida por compartir pantalla con el mexicano\u00a0<strong>Gael Garc\u00eda Bernal\u00a0<\/strong>en la exitosa cinta\u00a0<strong>Me est\u00e1s matando<\/strong>,\u00a0<strong>Susana<\/strong>\u00a0(2016),\u00a0donde dio vida a la ic\u00f3nica Susana.<\/p>\n<div class=\"twitter-tweet twitter-tweet-rendered\"><\/div>\n<p>&nbsp;<\/p>\n<p>Fuente: Milenio<\/p>\n","protected":false},"excerpt":{"rendered":"<p>La actriz espa\u00f1ola\u00a0Ver\u00f3nica Echegui, conocida por su papel en Yo soy la Juani y su trabajo como directora por el cortometraje T\u00f3tem Loba,\u00a0falleci\u00f3\u00a0el domingo en Madrid. La noticia ha generado una profunda conmoci\u00f3n en la\u00a0industria cinematogr\u00e1fica\u00a0y entre sus seguidores, quienes han llenado las\u00a0redes sociales\u00a0con mensajes de cari\u00f1o y admiraci\u00f3n. Echegui falleci\u00f3 en el Hospital 12 [&hellip;]<\/p>\n","protected":false},"author":2,"featured_media":227705,"comment_status":"closed","ping_status":"closed","sticky":false,"template":"","format":"standard","meta":{"footnotes":""},"categories":[12870,219],"tags":[12865,12875],"class_list":["post-227704","post","type-post","status-publish","format-standard","has-post-thumbnail","hentry","category-destacadas","category-espectaculos","tag-destacadas","tag-espectaculos"],"jetpack_featured_media_url":"https:\/\/rnoticias.com.mx\/Portal\/wp-content\/uploads\/2025\/08\/86f96371-e680-42f3-b6e5-b5438ada591d_16-9-discover-aspect-ratio_default_0.jpg","amp_enabled":true,"_links":{"self":[{"href":"https:\/\/rnoticias.com.mx\/Portal\/wp-json\/wp\/v2\/posts\/227704","targetHints":{"allow":["GET"]}}],"collection":[{"href":"https:\/\/rnoticias.com.mx\/Portal\/wp-json\/wp\/v2\/posts"}],"about":[{"href":"https:\/\/rnoticias.com.mx\/Portal\/wp-json\/wp\/v2\/types\/post"}],"author":[{"embeddable":true,"href":"https:\/\/rnoticias.com.mx\/Portal\/wp-json\/wp\/v2\/users\/2"}],"replies":[{"embeddable":true,"href":"https:\/\/rnoticias.com.mx\/Portal\/wp-json\/wp\/v2\/comments?post=227704"}],"version-history":[{"count":1,"href":"https:\/\/rnoticias.com.mx\/Portal\/wp-json\/wp\/v2\/posts\/227704\/revisions"}],"predecessor-version":[{"id":227706,"href":"https:\/\/rnoticias.com.mx\/Portal\/wp-json\/wp\/v2\/posts\/227704\/revisions\/227706"}],"wp:featuredmedia":[{"embeddable":true,"href":"https:\/\/rnoticias.com.mx\/Portal\/wp-json\/wp\/v2\/media\/227705"}],"wp:attachment":[{"href":"https:\/\/rnoticias.com.mx\/Portal\/wp-json\/wp\/v2\/media?parent=227704"}],"wp:term":[{"taxonomy":"category","embeddable":true,"href":"https:\/\/rnoticias.com.mx\/Portal\/wp-json\/wp\/v2\/categories?post=227704"},{"taxonomy":"post_tag","embeddable":true,"href":"https:\/\/rnoticias.com.mx\/Portal\/wp-json\/wp\/v2\/tags?post=227704"}],"curies":[{"name":"wp","href":"https:\/\/api.w.org\/{rel}","templated":true}]}}