{"id":227701,"date":"2025-08-25T20:20:42","date_gmt":"2025-08-26T03:20:42","guid":{"rendered":"https:\/\/rnoticias.com.mx\/Portal\/?p=227701"},"modified":"2025-08-25T20:20:42","modified_gmt":"2025-08-26T03:20:42","slug":"presas-del-rio-yaqui-en-niveles-criticos-advierten-riesgo-para-el-proximo-ciclo-agricola","status":"publish","type":"post","link":"https:\/\/rnoticias.com.mx\/Portal\/2025\/08\/25\/presas-del-rio-yaqui-en-niveles-criticos-advierten-riesgo-para-el-proximo-ciclo-agricola\/","title":{"rendered":"Presas del R\u00edo Yaqui en niveles cr\u00edticos; advierten riesgo para el pr\u00f3ximo ciclo agr\u00edcola"},"content":{"rendered":"<p>En las oficinas del Distrito de Riego del R\u00edo Yaqui, representantes de diversos ejidos sostuvieron una reuni\u00f3n para analizar el estado actual de las presas que abastecen la regi\u00f3n.<\/p>\n<p>&nbsp;<\/p>\n<p>Mario Pablos Dom\u00ednguez, presidente del Distrito de Riego del R\u00edo Yaqui, inform\u00f3 que el objetivo principal fue evaluar la disponibilidad de agua y definir estrategias ante la cr\u00edtica situaci\u00f3n h\u00eddrica, ya que los niveles se mantienen preocupantemente bajos.<\/p>\n<p>&nbsp;<\/p>\n<p>\u201cAhorita a la fecha ya entrando el mes de agosto van 59.2 millones acumulados y ya sumados dan 461 millones, pero lo preocupante es que deber\u00edan de ir cerca de mil 800 millones. Es el a\u00f1o que se ha comportado con menor precipitaci\u00f3n de lluvias\u201d, afirm\u00f3.<\/p>\n<p>&nbsp;<\/p>\n<p>Record\u00f3 que, al igual que en el ciclo agr\u00edcola 2024-2025, no se contar\u00e1 con agua de presa, lo que podr\u00eda generar repercusiones negativas en la producci\u00f3n.<\/p>\n<p>&nbsp;<\/p>\n<p>Por \u00faltimo, destac\u00f3 que la combinaci\u00f3n de agua de presa y de pozos es lo ideal para el riego, aunque actualmente esta opci\u00f3n es limitada.<\/p>\n<p>&nbsp;<\/p>\n","protected":false},"excerpt":{"rendered":"<p>En las oficinas del Distrito de Riego del R\u00edo Yaqui, representantes de diversos ejidos sostuvieron una reuni\u00f3n para analizar el estado actual de las presas que abastecen la regi\u00f3n. &nbsp; Mario Pablos Dom\u00ednguez, presidente del Distrito de Riego del R\u00edo Yaqui, inform\u00f3 que el objetivo principal fue evaluar la disponibilidad de agua y definir estrategias [&hellip;]<\/p>\n","protected":false},"author":2,"featured_media":227702,"comment_status":"closed","ping_status":"closed","sticky":false,"template":"","format":"standard","meta":{"footnotes":""},"categories":[12870,174],"tags":[12865,12873],"class_list":["post-227701","post","type-post","status-publish","format-standard","has-post-thumbnail","hentry","category-destacadas","category-estatal","tag-destacadas","tag-estatal"],"jetpack_featured_media_url":"https:\/\/rnoticias.com.mx\/Portal\/wp-content\/uploads\/2025\/08\/2022081923424.jpg","amp_enabled":true,"_links":{"self":[{"href":"https:\/\/rnoticias.com.mx\/Portal\/wp-json\/wp\/v2\/posts\/227701","targetHints":{"allow":["GET"]}}],"collection":[{"href":"https:\/\/rnoticias.com.mx\/Portal\/wp-json\/wp\/v2\/posts"}],"about":[{"href":"https:\/\/rnoticias.com.mx\/Portal\/wp-json\/wp\/v2\/types\/post"}],"author":[{"embeddable":true,"href":"https:\/\/rnoticias.com.mx\/Portal\/wp-json\/wp\/v2\/users\/2"}],"replies":[{"embeddable":true,"href":"https:\/\/rnoticias.com.mx\/Portal\/wp-json\/wp\/v2\/comments?post=227701"}],"version-history":[{"count":1,"href":"https:\/\/rnoticias.com.mx\/Portal\/wp-json\/wp\/v2\/posts\/227701\/revisions"}],"predecessor-version":[{"id":227703,"href":"https:\/\/rnoticias.com.mx\/Portal\/wp-json\/wp\/v2\/posts\/227701\/revisions\/227703"}],"wp:featuredmedia":[{"embeddable":true,"href":"https:\/\/rnoticias.com.mx\/Portal\/wp-json\/wp\/v2\/media\/227702"}],"wp:attachment":[{"href":"https:\/\/rnoticias.com.mx\/Portal\/wp-json\/wp\/v2\/media?parent=227701"}],"wp:term":[{"taxonomy":"category","embeddable":true,"href":"https:\/\/rnoticias.com.mx\/Portal\/wp-json\/wp\/v2\/categories?post=227701"},{"taxonomy":"post_tag","embeddable":true,"href":"https:\/\/rnoticias.com.mx\/Portal\/wp-json\/wp\/v2\/tags?post=227701"}],"curies":[{"name":"wp","href":"https:\/\/api.w.org\/{rel}","templated":true}]}}