{"id":227698,"date":"2025-08-25T20:19:19","date_gmt":"2025-08-26T03:19:19","guid":{"rendered":"https:\/\/rnoticias.com.mx\/Portal\/?p=227698"},"modified":"2025-08-25T20:19:19","modified_gmt":"2025-08-26T03:19:19","slug":"mas-de-8-mil-cajemenses-con-credencial-del-ine-vencida","status":"publish","type":"post","link":"https:\/\/rnoticias.com.mx\/Portal\/2025\/08\/25\/mas-de-8-mil-cajemenses-con-credencial-del-ine-vencida\/","title":{"rendered":"M\u00e1s de 8 mil cajemenses con credencial del INE vencida"},"content":{"rendered":"<p>En Cajeme, un total de 8,303 personas no han renovado su credencial del INE pese a que ya perdi\u00f3 vigencia, inform\u00f3 Ver\u00f3nica Cruz R\u00edos, vocal del Registro Federal de Electores en la junta distrital 06.<\/p>\n<p>&nbsp;<\/p>\n<p>Record\u00f3 que este documento tiene una duraci\u00f3n de diez a\u00f1os y que, una vez caducado, deja de ser v\u00e1lido tanto para votar en procesos electorales como para identificarse en tr\u00e1mites administrativos y bancarios.<\/p>\n<p>&nbsp;<\/p>\n<p>\u201cEn\u00a0primer lugar, en la credencial\u00a0vencida, no le va a permitir\u00a0votar en las pr\u00f3ximas\u00a0elecciones. En segundo lugar, y\u00a0no menos importante tambi\u00e9n, no\u00a0van a poder identificarse, no\u00a0van a contar con un medio de\u00a0identificaci\u00f3n vigente como es\u00a0la credencial para votar, que\u00a0tambi\u00e9n se utiliza como un medio\u00a0de identificaci\u00f3n para hacer\u00a0diferentes tipos de tr\u00e1mites\u00a0administrativos, bancarios,\u00a0etc\u00e9tera\u201d, extern\u00f3.<\/p>\n<p>&nbsp;<\/p>\n<p>Reconoci\u00f3, que aunque las cifras son similares a las de campa\u00f1as anteriores, conforme se acerca la fecha l\u00edmite, la asistencia a los m\u00f3dulos aumentar\u00e1, aunque persiste el h\u00e1bito de dejar el tr\u00e1mite para \u00faltimo momento.<\/p>\n<p>&nbsp;<\/p>\n<p>Para facilitar la renovaci\u00f3n, el municipio de Cajeme cuenta con un m\u00f3dulo fijo y uno m\u00f3vil que atienden de lunes a viernes de 8:00 a 20:00 horas y los s\u00e1bados hasta las 15:00 horas.<\/p>\n<p>&nbsp;<\/p>\n","protected":false},"excerpt":{"rendered":"<p>En Cajeme, un total de 8,303 personas no han renovado su credencial del INE pese a que ya perdi\u00f3 vigencia, inform\u00f3 Ver\u00f3nica Cruz R\u00edos, vocal del Registro Federal de Electores en la junta distrital 06. &nbsp; Record\u00f3 que este documento tiene una duraci\u00f3n de diez a\u00f1os y que, una vez caducado, deja de ser v\u00e1lido [&hellip;]<\/p>\n","protected":false},"author":2,"featured_media":227699,"comment_status":"closed","ping_status":"closed","sticky":false,"template":"","format":"standard","meta":{"footnotes":""},"categories":[12870,12868],"tags":[12865,12879],"class_list":["post-227698","post","type-post","status-publish","format-standard","has-post-thumbnail","hentry","category-destacadas","category-politica","tag-destacadas","tag-politica"],"jetpack_featured_media_url":"https:\/\/rnoticias.com.mx\/Portal\/wp-content\/uploads\/2025\/08\/casi-10-mil-credenciales-del-ine-ya-no-son-validas-648249.jpg","amp_enabled":true,"_links":{"self":[{"href":"https:\/\/rnoticias.com.mx\/Portal\/wp-json\/wp\/v2\/posts\/227698","targetHints":{"allow":["GET"]}}],"collection":[{"href":"https:\/\/rnoticias.com.mx\/Portal\/wp-json\/wp\/v2\/posts"}],"about":[{"href":"https:\/\/rnoticias.com.mx\/Portal\/wp-json\/wp\/v2\/types\/post"}],"author":[{"embeddable":true,"href":"https:\/\/rnoticias.com.mx\/Portal\/wp-json\/wp\/v2\/users\/2"}],"replies":[{"embeddable":true,"href":"https:\/\/rnoticias.com.mx\/Portal\/wp-json\/wp\/v2\/comments?post=227698"}],"version-history":[{"count":1,"href":"https:\/\/rnoticias.com.mx\/Portal\/wp-json\/wp\/v2\/posts\/227698\/revisions"}],"predecessor-version":[{"id":227700,"href":"https:\/\/rnoticias.com.mx\/Portal\/wp-json\/wp\/v2\/posts\/227698\/revisions\/227700"}],"wp:featuredmedia":[{"embeddable":true,"href":"https:\/\/rnoticias.com.mx\/Portal\/wp-json\/wp\/v2\/media\/227699"}],"wp:attachment":[{"href":"https:\/\/rnoticias.com.mx\/Portal\/wp-json\/wp\/v2\/media?parent=227698"}],"wp:term":[{"taxonomy":"category","embeddable":true,"href":"https:\/\/rnoticias.com.mx\/Portal\/wp-json\/wp\/v2\/categories?post=227698"},{"taxonomy":"post_tag","embeddable":true,"href":"https:\/\/rnoticias.com.mx\/Portal\/wp-json\/wp\/v2\/tags?post=227698"}],"curies":[{"name":"wp","href":"https:\/\/api.w.org\/{rel}","templated":true}]}}