{"id":227689,"date":"2025-08-25T20:12:04","date_gmt":"2025-08-26T03:12:04","guid":{"rendered":"https:\/\/rnoticias.com.mx\/Portal\/?p=227689"},"modified":"2025-08-25T20:12:04","modified_gmt":"2025-08-26T03:12:04","slug":"empresarios-de-cajeme-proyectan-un-cierre-de-ano-positivo-pese-a-incertidumbre-economica","status":"publish","type":"post","link":"https:\/\/rnoticias.com.mx\/Portal\/2025\/08\/25\/empresarios-de-cajeme-proyectan-un-cierre-de-ano-positivo-pese-a-incertidumbre-economica\/","title":{"rendered":"Empresarios de Cajeme proyectan un cierre de a\u00f1o positivo pese a incertidumbre econ\u00f3mica"},"content":{"rendered":"<p>Ante un escenario internacional marcado por la incertidumbre arancelaria y la falta de liquidez en la econom\u00eda local, los empresarios de Cajeme apuestan por la resiliencia y la adaptaci\u00f3n.<\/p>\n<p>&nbsp;<\/p>\n<p>Alejandro Hern\u00e1ndez Azueta, director del Centro Empresarial de Ciudad Obreg\u00f3n, destac\u00f3 que el sector mantiene una visi\u00f3n optimista, enfoc\u00e1ndose en la innovaci\u00f3n y la tecnolog\u00eda como herramientas para transformar el modelo econ\u00f3mico regional.<\/p>\n<p>&nbsp;<\/p>\n<p>\u201cSiempre con optimismo a pesar de la incertidumbre internacional, seguimos trabajando en lo local, el empresariado local est\u00e1 muy entusiasmado para poder seguir innovando precisamente con estas actividades de tecnolog\u00eda e innovaci\u00f3n, buscamos que la econom\u00eda local tome un nuevo rumbo\u201d, dijo.<\/p>\n<p>&nbsp;<\/p>\n<p>Agreg\u00f3, que en este contexto, las micro y medianas empresas contin\u00faan siendo un motor importante para el dinamismo econ\u00f3mico del municipio, gracias al fortalecimiento del consumo interno.<\/p>\n<p>&nbsp;<\/p>\n<p>Adem\u00e1s, la llegada de nuevas industrias, especialmente del sector automotriz al sur de Ciudad Obreg\u00f3n, est\u00e1 generando empleo y favoreciendo el proceso de industrializaci\u00f3n.<\/p>\n<p>&nbsp;<\/p>\n","protected":false},"excerpt":{"rendered":"<p>Ante un escenario internacional marcado por la incertidumbre arancelaria y la falta de liquidez en la econom\u00eda local, los empresarios de Cajeme apuestan por la resiliencia y la adaptaci\u00f3n. &nbsp; Alejandro Hern\u00e1ndez Azueta, director del Centro Empresarial de Ciudad Obreg\u00f3n, destac\u00f3 que el sector mantiene una visi\u00f3n optimista, enfoc\u00e1ndose en la innovaci\u00f3n y la tecnolog\u00eda [&hellip;]<\/p>\n","protected":false},"author":2,"featured_media":227690,"comment_status":"closed","ping_status":"closed","sticky":false,"template":"","format":"standard","meta":{"footnotes":""},"categories":[12870,174],"tags":[12865,12873],"class_list":["post-227689","post","type-post","status-publish","format-standard","has-post-thumbnail","hentry","category-destacadas","category-estatal","tag-destacadas","tag-estatal"],"jetpack_featured_media_url":"https:\/\/rnoticias.com.mx\/Portal\/wp-content\/uploads\/2025\/08\/baja-incertidumbre-en-industriales-de-cajeme-2-9cf56747.jpg","amp_enabled":true,"_links":{"self":[{"href":"https:\/\/rnoticias.com.mx\/Portal\/wp-json\/wp\/v2\/posts\/227689","targetHints":{"allow":["GET"]}}],"collection":[{"href":"https:\/\/rnoticias.com.mx\/Portal\/wp-json\/wp\/v2\/posts"}],"about":[{"href":"https:\/\/rnoticias.com.mx\/Portal\/wp-json\/wp\/v2\/types\/post"}],"author":[{"embeddable":true,"href":"https:\/\/rnoticias.com.mx\/Portal\/wp-json\/wp\/v2\/users\/2"}],"replies":[{"embeddable":true,"href":"https:\/\/rnoticias.com.mx\/Portal\/wp-json\/wp\/v2\/comments?post=227689"}],"version-history":[{"count":1,"href":"https:\/\/rnoticias.com.mx\/Portal\/wp-json\/wp\/v2\/posts\/227689\/revisions"}],"predecessor-version":[{"id":227691,"href":"https:\/\/rnoticias.com.mx\/Portal\/wp-json\/wp\/v2\/posts\/227689\/revisions\/227691"}],"wp:featuredmedia":[{"embeddable":true,"href":"https:\/\/rnoticias.com.mx\/Portal\/wp-json\/wp\/v2\/media\/227690"}],"wp:attachment":[{"href":"https:\/\/rnoticias.com.mx\/Portal\/wp-json\/wp\/v2\/media?parent=227689"}],"wp:term":[{"taxonomy":"category","embeddable":true,"href":"https:\/\/rnoticias.com.mx\/Portal\/wp-json\/wp\/v2\/categories?post=227689"},{"taxonomy":"post_tag","embeddable":true,"href":"https:\/\/rnoticias.com.mx\/Portal\/wp-json\/wp\/v2\/tags?post=227689"}],"curies":[{"name":"wp","href":"https:\/\/api.w.org\/{rel}","templated":true}]}}