{"id":227686,"date":"2025-08-25T20:11:07","date_gmt":"2025-08-26T03:11:07","guid":{"rendered":"https:\/\/rnoticias.com.mx\/Portal\/?p=227686"},"modified":"2025-08-25T20:11:07","modified_gmt":"2025-08-26T03:11:07","slug":"comerciantes-del-primer-cuadro-de-nogales-se-preparan-para-el-regreso-a-clases","status":"publish","type":"post","link":"https:\/\/rnoticias.com.mx\/Portal\/2025\/08\/25\/comerciantes-del-primer-cuadro-de-nogales-se-preparan-para-el-regreso-a-clases\/","title":{"rendered":"Comerciantes del primer cuadro de Nogales se preparan para el regreso a clases"},"content":{"rendered":"<p>Con el objetivo de impulsar el consumo local y apoyar a las familias en esta temporada de regreso a clases, los comerciantes del primer cuadro de la ciudad de Nogales se est\u00e1n organizando con diversas promociones y descuentos.<\/p>\n<p>&nbsp;<\/p>\n<p>Alfredo Lara, representante de este sector, destac\u00f3 la importancia de ofrecer productos de calidad y un buen servicio, especialmente en art\u00edculos escolares como uniformes, \u00fatiles, mochilas y otros insumos necesarios para el inicio del ciclo escolar.<\/p>\n<p>&nbsp;<\/p>\n<p>\u201cMe est\u00e1n diciendo y me est\u00e1n comentando ellos que van a\u00a0tener bastantes promociones, bastantes descuentos, para que la gente que venga\u00a0aqu\u00ed al primer cuadro de la ciudad a hacer sus compras, para que tengan una\u00a0manera m\u00e1s digna y cuidando su bolsillo aqu\u00ed en el primer cuadro de la ciudad con\u00a0todo lo relacionado a regreso a clases\u201d, dijo.<\/p>\n<p>&nbsp;<\/p>\n<p>Se\u00f1al\u00f3 que cada a\u00f1o se preparan para esta temporada, y en esta ocasi\u00f3n no ser\u00e1 la excepci\u00f3n, ya que esperan una alta afluencia de clientes en busca de ofertas.<\/p>\n<p>&nbsp;<\/p>\n","protected":false},"excerpt":{"rendered":"<p>Con el objetivo de impulsar el consumo local y apoyar a las familias en esta temporada de regreso a clases, los comerciantes del primer cuadro de la ciudad de Nogales se est\u00e1n organizando con diversas promociones y descuentos. &nbsp; Alfredo Lara, representante de este sector, destac\u00f3 la importancia de ofrecer productos de calidad y un [&hellip;]<\/p>\n","protected":false},"author":2,"featured_media":227687,"comment_status":"closed","ping_status":"closed","sticky":false,"template":"","format":"standard","meta":{"footnotes":""},"categories":[12870,174],"tags":[12865,12873],"class_list":["post-227686","post","type-post","status-publish","format-standard","has-post-thumbnail","hentry","category-destacadas","category-estatal","tag-destacadas","tag-estatal"],"jetpack_featured_media_url":"https:\/\/rnoticias.com.mx\/Portal\/wp-content\/uploads\/2025\/08\/confian-comerciantes-de-tepic-repuntar-40-en-ventas-por-expo-escolar-652074.jpg","amp_enabled":true,"_links":{"self":[{"href":"https:\/\/rnoticias.com.mx\/Portal\/wp-json\/wp\/v2\/posts\/227686","targetHints":{"allow":["GET"]}}],"collection":[{"href":"https:\/\/rnoticias.com.mx\/Portal\/wp-json\/wp\/v2\/posts"}],"about":[{"href":"https:\/\/rnoticias.com.mx\/Portal\/wp-json\/wp\/v2\/types\/post"}],"author":[{"embeddable":true,"href":"https:\/\/rnoticias.com.mx\/Portal\/wp-json\/wp\/v2\/users\/2"}],"replies":[{"embeddable":true,"href":"https:\/\/rnoticias.com.mx\/Portal\/wp-json\/wp\/v2\/comments?post=227686"}],"version-history":[{"count":1,"href":"https:\/\/rnoticias.com.mx\/Portal\/wp-json\/wp\/v2\/posts\/227686\/revisions"}],"predecessor-version":[{"id":227688,"href":"https:\/\/rnoticias.com.mx\/Portal\/wp-json\/wp\/v2\/posts\/227686\/revisions\/227688"}],"wp:featuredmedia":[{"embeddable":true,"href":"https:\/\/rnoticias.com.mx\/Portal\/wp-json\/wp\/v2\/media\/227687"}],"wp:attachment":[{"href":"https:\/\/rnoticias.com.mx\/Portal\/wp-json\/wp\/v2\/media?parent=227686"}],"wp:term":[{"taxonomy":"category","embeddable":true,"href":"https:\/\/rnoticias.com.mx\/Portal\/wp-json\/wp\/v2\/categories?post=227686"},{"taxonomy":"post_tag","embeddable":true,"href":"https:\/\/rnoticias.com.mx\/Portal\/wp-json\/wp\/v2\/tags?post=227686"}],"curies":[{"name":"wp","href":"https:\/\/api.w.org\/{rel}","templated":true}]}}