{"id":227680,"date":"2025-08-25T19:48:55","date_gmt":"2025-08-26T02:48:55","guid":{"rendered":"https:\/\/rnoticias.com.mx\/Portal\/?p=227680"},"modified":"2025-08-25T19:48:55","modified_gmt":"2025-08-26T02:48:55","slug":"beele-es-reconocido-como-victima-de-violencia-intrafamiliar-por-parte-de-su-expareja","status":"publish","type":"post","link":"https:\/\/rnoticias.com.mx\/Portal\/2025\/08\/25\/beele-es-reconocido-como-victima-de-violencia-intrafamiliar-por-parte-de-su-expareja\/","title":{"rendered":"Beele es reconocido como v\u00edctima de &#8216;violencia intrafamiliar&#8217; por parte de su expareja"},"content":{"rendered":"<p><strong>El cantante Be\u00e9le fue reconocido como\u00a0v\u00edctima de \u201cviolencia intrafamiliar\u201d por parte de su expareja\u00a0Camila Andrea Rodr\u00edguez Ascanio en fallo judicial<\/strong>.<\/p>\n<p>Seg\u00fan la Comisar\u00eda de Familia de la Comuna 16 de Medell\u00edn concluy\u00f3 que B<strong>randon de Jes\u00fas L\u00f3pez Orozco, nombre real del artista, sufri\u00f3 violencia intrafamiliar.<\/strong><\/p>\n<p>De acuerdo con documentos conocidos por medios nacionales, el fallo del 21 de agosto se bas\u00f3 en pruebas documentales y t\u00e9cnicas que confirmaron varias agresiones contra el cantante.<\/p>\n<p>En la investigaci\u00f3n, el cantante habr\u00eda sido v\u00edctima de\u00a0abuso emocional, psicol\u00f3gico, econ\u00f3mico y f\u00edsico. Adem\u00e1s, se acreditaron tres agresiones f\u00edsicas cometidas por su expareja.\u00a0<strong>El fallo identific\u00f3 patrones de manipulaci\u00f3n emocional, coerci\u00f3n religiosa y control financiero, situaciones que generaron un impacto negativo en la estabilidad personal del int\u00e9rprete.<\/strong><\/p>\n<p>Medidas impuestas a la expareja<\/p>\n<p>En esa la resoluci\u00f3n judicial orden\u00f3 a Camila Andrea Rodr\u00edguez\u00a0abstenerse de realizar actos que afecten el buen nombre, la tranquilidad o la integridad del cantante.\u00a0<strong>Se proh\u00edbe realizar menciones p\u00fablicas o privadas que impliquen calumnia o acoso. Tambi\u00e9n se ordena cesar de inmediato cualquier acto de violencia contra el artista.<\/strong><\/p>\n","protected":false},"excerpt":{"rendered":"<p>El cantante Be\u00e9le fue reconocido como\u00a0v\u00edctima de \u201cviolencia intrafamiliar\u201d por parte de su expareja\u00a0Camila Andrea Rodr\u00edguez Ascanio en fallo judicial. Seg\u00fan la Comisar\u00eda de Familia de la Comuna 16 de Medell\u00edn concluy\u00f3 que Brandon de Jes\u00fas L\u00f3pez Orozco, nombre real del artista, sufri\u00f3 violencia intrafamiliar. De acuerdo con documentos conocidos por medios nacionales, el fallo [&hellip;]<\/p>\n","protected":false},"author":2,"featured_media":227681,"comment_status":"closed","ping_status":"closed","sticky":false,"template":"","format":"standard","meta":{"footnotes":""},"categories":[12870,219],"tags":[12865,12875],"class_list":["post-227680","post","type-post","status-publish","format-standard","has-post-thumbnail","hentry","category-destacadas","category-espectaculos","tag-destacadas","tag-espectaculos"],"jetpack_featured_media_url":"https:\/\/rnoticias.com.mx\/Portal\/wp-content\/uploads\/2025\/08\/Beele-ente-al-Mar-post-cover-1046x588-1.png","amp_enabled":true,"_links":{"self":[{"href":"https:\/\/rnoticias.com.mx\/Portal\/wp-json\/wp\/v2\/posts\/227680","targetHints":{"allow":["GET"]}}],"collection":[{"href":"https:\/\/rnoticias.com.mx\/Portal\/wp-json\/wp\/v2\/posts"}],"about":[{"href":"https:\/\/rnoticias.com.mx\/Portal\/wp-json\/wp\/v2\/types\/post"}],"author":[{"embeddable":true,"href":"https:\/\/rnoticias.com.mx\/Portal\/wp-json\/wp\/v2\/users\/2"}],"replies":[{"embeddable":true,"href":"https:\/\/rnoticias.com.mx\/Portal\/wp-json\/wp\/v2\/comments?post=227680"}],"version-history":[{"count":1,"href":"https:\/\/rnoticias.com.mx\/Portal\/wp-json\/wp\/v2\/posts\/227680\/revisions"}],"predecessor-version":[{"id":227682,"href":"https:\/\/rnoticias.com.mx\/Portal\/wp-json\/wp\/v2\/posts\/227680\/revisions\/227682"}],"wp:featuredmedia":[{"embeddable":true,"href":"https:\/\/rnoticias.com.mx\/Portal\/wp-json\/wp\/v2\/media\/227681"}],"wp:attachment":[{"href":"https:\/\/rnoticias.com.mx\/Portal\/wp-json\/wp\/v2\/media?parent=227680"}],"wp:term":[{"taxonomy":"category","embeddable":true,"href":"https:\/\/rnoticias.com.mx\/Portal\/wp-json\/wp\/v2\/categories?post=227680"},{"taxonomy":"post_tag","embeddable":true,"href":"https:\/\/rnoticias.com.mx\/Portal\/wp-json\/wp\/v2\/tags?post=227680"}],"curies":[{"name":"wp","href":"https:\/\/api.w.org\/{rel}","templated":true}]}}