{"id":227674,"date":"2025-08-25T19:46:10","date_gmt":"2025-08-26T02:46:10","guid":{"rendered":"https:\/\/rnoticias.com.mx\/Portal\/?p=227674"},"modified":"2025-08-25T19:46:10","modified_gmt":"2025-08-26T02:46:10","slug":"organiza-gobierno-de-sonora-la-semana-para-las-personas-adultas-mayores-isaam","status":"publish","type":"post","link":"https:\/\/rnoticias.com.mx\/Portal\/2025\/08\/25\/organiza-gobierno-de-sonora-la-semana-para-las-personas-adultas-mayores-isaam\/","title":{"rendered":"Organiza Gobierno de Sonora la Semana para las Personas Adultas Mayores: ISAAM"},"content":{"rendered":"<p>Hermosillo, Sonora; 25 de agosto de 2025.- Para acercar servicios y garantizar un acceso equitativo a la informaci\u00f3n y programas p\u00fablicos, el Instituto Sonorense para la Atenci\u00f3n de los Adultos Mayores (ISAAM) llevar\u00e1 a cabo la Semana de las Personas Adultas Mayores, en el marco del D\u00eda Nacional de las Personas Adultas Mayores.<\/p>\n<p>Durante esta jornada se ofrecer\u00e1n servicios gratuitos de atenci\u00f3n a la salud, higiene y belleza, registro civil, orientaci\u00f3n y atenci\u00f3n de servicios p\u00fablicos, as\u00ed como exposici\u00f3n de talleres y actividades culturales y recreativas.<\/p>\n<p>Adem\u00e1s, se llevar\u00e1n a cabo pl\u00e1ticas informativas de otras instancias y dependencias como Registro Civil, Icatson, Agua de Hermosillo, Organismo de Limpia Descentralizado de Agua Prieta (OLDAP), DIF Municipal de Agua Prieta, Centro Comunitario de Salud Mental y Adicciones (Cecosama), Instituto de Formaci\u00f3n y Capacitaci\u00f3n de Profesionales de la Enfermer\u00eda (IFCPE), entre otros.<\/p>\n<p>Las actividades se desarrollar\u00e1n de manera simult\u00e1nea en los Centros de Atenci\u00f3n para el Adulto Mayor (CEDAM) de Hermosillo, Cajeme y Agua Prieta, dirigidas a personas de 60 a\u00f1os o m\u00e1s.<\/p>\n<p>El Gobierno de Sonora, a trav\u00e9s del ISAAM, refrenda su compromiso con la poblaci\u00f3n adulta mayor, acercando servicios y creando oportunidades que contribuyan a una mejor calidad de vida y a un envejecimiento digno.<\/p>\n","protected":false},"excerpt":{"rendered":"<p>Hermosillo, Sonora; 25 de agosto de 2025.- Para acercar servicios y garantizar un acceso equitativo a la informaci\u00f3n y programas p\u00fablicos, el Instituto Sonorense para la Atenci\u00f3n de los Adultos Mayores (ISAAM) llevar\u00e1 a cabo la Semana de las Personas Adultas Mayores, en el marco del D\u00eda Nacional de las Personas Adultas Mayores. Durante esta [&hellip;]<\/p>\n","protected":false},"author":2,"featured_media":227675,"comment_status":"closed","ping_status":"closed","sticky":false,"template":"","format":"standard","meta":{"footnotes":""},"categories":[178],"tags":[12869],"class_list":["post-227674","post","type-post","status-publish","format-standard","has-post-thumbnail","hentry","category-local","tag-local"],"jetpack_featured_media_url":"https:\/\/rnoticias.com.mx\/Portal\/wp-content\/uploads\/2025\/08\/4442.jpg","amp_enabled":true,"_links":{"self":[{"href":"https:\/\/rnoticias.com.mx\/Portal\/wp-json\/wp\/v2\/posts\/227674","targetHints":{"allow":["GET"]}}],"collection":[{"href":"https:\/\/rnoticias.com.mx\/Portal\/wp-json\/wp\/v2\/posts"}],"about":[{"href":"https:\/\/rnoticias.com.mx\/Portal\/wp-json\/wp\/v2\/types\/post"}],"author":[{"embeddable":true,"href":"https:\/\/rnoticias.com.mx\/Portal\/wp-json\/wp\/v2\/users\/2"}],"replies":[{"embeddable":true,"href":"https:\/\/rnoticias.com.mx\/Portal\/wp-json\/wp\/v2\/comments?post=227674"}],"version-history":[{"count":1,"href":"https:\/\/rnoticias.com.mx\/Portal\/wp-json\/wp\/v2\/posts\/227674\/revisions"}],"predecessor-version":[{"id":227676,"href":"https:\/\/rnoticias.com.mx\/Portal\/wp-json\/wp\/v2\/posts\/227674\/revisions\/227676"}],"wp:featuredmedia":[{"embeddable":true,"href":"https:\/\/rnoticias.com.mx\/Portal\/wp-json\/wp\/v2\/media\/227675"}],"wp:attachment":[{"href":"https:\/\/rnoticias.com.mx\/Portal\/wp-json\/wp\/v2\/media?parent=227674"}],"wp:term":[{"taxonomy":"category","embeddable":true,"href":"https:\/\/rnoticias.com.mx\/Portal\/wp-json\/wp\/v2\/categories?post=227674"},{"taxonomy":"post_tag","embeddable":true,"href":"https:\/\/rnoticias.com.mx\/Portal\/wp-json\/wp\/v2\/tags?post=227674"}],"curies":[{"name":"wp","href":"https:\/\/api.w.org\/{rel}","templated":true}]}}