{"id":227670,"date":"2025-08-25T19:45:14","date_gmt":"2025-08-26T02:45:14","guid":{"rendered":"https:\/\/rnoticias.com.mx\/Portal\/?p=227670"},"modified":"2025-08-25T19:45:14","modified_gmt":"2025-08-26T02:45:14","slug":"gobierno-de-sonora-fortalece-la-certificacion-y-profesionalizacion-del-bacanora-en-colaboracion-con-el-ciad","status":"publish","type":"post","link":"https:\/\/rnoticias.com.mx\/Portal\/2025\/08\/25\/gobierno-de-sonora-fortalece-la-certificacion-y-profesionalizacion-del-bacanora-en-colaboracion-con-el-ciad\/","title":{"rendered":"Gobierno de Sonora fortalece la certificaci\u00f3n y profesionalizaci\u00f3n del bacanora en colaboraci\u00f3n con el CIAD"},"content":{"rendered":"<p>Hermosillo, Sonora; 25 de agosto de 2025.- Con el prop\u00f3sito de impulsar la certificaci\u00f3n, profesionalizaci\u00f3n y estandarizaci\u00f3n del bacanora, el Gobierno de Sonora, a trav\u00e9s de la Secretar\u00eda de Econom\u00eda y Turismo, firm\u00f3 el primer Convenio General de Colaboraci\u00f3n con el Centro de Investigaci\u00f3n en Alimentaci\u00f3n y Desarrollo (CIAD).<\/p>\n<p>Luego de una serie de esfuerzos coordinados, la visi\u00f3n del gobernador Alfonso Durazo comienza a consolidarse al fortalecer la producci\u00f3n de esta bebida artesanal mediante procesos cient\u00edficos, tecnol\u00f3gicos, human\u00edsticos y de innovaci\u00f3n que buscan garantizar la calidad del producto y elevar su competitividad en mercados nacionales e internacionales.<\/p>\n<p>La alianza se formaliz\u00f3 con la firma del secretario de Econom\u00eda y Turismo, Roberto Gradillas Pineda, quien reafirm\u00f3 su compromiso con las y los productores sonorenses, en especial aquellos que se encuentran dentro de los 35 municipios con Denominaci\u00f3n de Origen.<\/p>\n<p>\u201cEl aumento en la cantidad de litros trasladados para su destilado en la entidad es impresionante. Durante 2024 se movilizaron poco m\u00e1s de nueve mil litros y, al d\u00eda de hoy, superamos los 22 mil litros de bacanora movilizados, lo que refleja una sola cosa: el compromiso y la visi\u00f3n del doctor Alfonso Durazo\u201d, destac\u00f3.<\/p>\n<p>Con estas acciones, el Gobierno de Sonora refrenda su compromiso de trabajar de la mano con instituciones acad\u00e9micas y de investigaci\u00f3n para consolidar al bacanora como un s\u00edmbolo de identidad, calidad y orgullo sonorense, contribuyendo al desarrollo econ\u00f3mico y cultural de la regi\u00f3n y de sus familias.<\/p>\n","protected":false},"excerpt":{"rendered":"<p>Hermosillo, Sonora; 25 de agosto de 2025.- Con el prop\u00f3sito de impulsar la certificaci\u00f3n, profesionalizaci\u00f3n y estandarizaci\u00f3n del bacanora, el Gobierno de Sonora, a trav\u00e9s de la Secretar\u00eda de Econom\u00eda y Turismo, firm\u00f3 el primer Convenio General de Colaboraci\u00f3n con el Centro de Investigaci\u00f3n en Alimentaci\u00f3n y Desarrollo (CIAD). Luego de una serie de esfuerzos [&hellip;]<\/p>\n","protected":false},"author":2,"featured_media":227672,"comment_status":"closed","ping_status":"closed","sticky":false,"template":"","format":"standard","meta":{"footnotes":""},"categories":[12870,178],"tags":[12865,12869],"class_list":["post-227670","post","type-post","status-publish","format-standard","has-post-thumbnail","hentry","category-destacadas","category-local","tag-destacadas","tag-local"],"jetpack_featured_media_url":"https:\/\/rnoticias.com.mx\/Portal\/wp-content\/uploads\/2025\/08\/90133.jpg","amp_enabled":true,"_links":{"self":[{"href":"https:\/\/rnoticias.com.mx\/Portal\/wp-json\/wp\/v2\/posts\/227670","targetHints":{"allow":["GET"]}}],"collection":[{"href":"https:\/\/rnoticias.com.mx\/Portal\/wp-json\/wp\/v2\/posts"}],"about":[{"href":"https:\/\/rnoticias.com.mx\/Portal\/wp-json\/wp\/v2\/types\/post"}],"author":[{"embeddable":true,"href":"https:\/\/rnoticias.com.mx\/Portal\/wp-json\/wp\/v2\/users\/2"}],"replies":[{"embeddable":true,"href":"https:\/\/rnoticias.com.mx\/Portal\/wp-json\/wp\/v2\/comments?post=227670"}],"version-history":[{"count":1,"href":"https:\/\/rnoticias.com.mx\/Portal\/wp-json\/wp\/v2\/posts\/227670\/revisions"}],"predecessor-version":[{"id":227673,"href":"https:\/\/rnoticias.com.mx\/Portal\/wp-json\/wp\/v2\/posts\/227670\/revisions\/227673"}],"wp:featuredmedia":[{"embeddable":true,"href":"https:\/\/rnoticias.com.mx\/Portal\/wp-json\/wp\/v2\/media\/227672"}],"wp:attachment":[{"href":"https:\/\/rnoticias.com.mx\/Portal\/wp-json\/wp\/v2\/media?parent=227670"}],"wp:term":[{"taxonomy":"category","embeddable":true,"href":"https:\/\/rnoticias.com.mx\/Portal\/wp-json\/wp\/v2\/categories?post=227670"},{"taxonomy":"post_tag","embeddable":true,"href":"https:\/\/rnoticias.com.mx\/Portal\/wp-json\/wp\/v2\/tags?post=227670"}],"curies":[{"name":"wp","href":"https:\/\/api.w.org\/{rel}","templated":true}]}}