{"id":227667,"date":"2025-08-25T19:43:54","date_gmt":"2025-08-26T02:43:54","guid":{"rendered":"https:\/\/rnoticias.com.mx\/Portal\/?p=227667"},"modified":"2025-08-25T19:43:54","modified_gmt":"2025-08-26T02:43:54","slug":"usda-visitara-sonora-el-8-de-septiembre-para-evaluar-acciones-contra-el-gusano-barrenador","status":"publish","type":"post","link":"https:\/\/rnoticias.com.mx\/Portal\/2025\/08\/25\/usda-visitara-sonora-el-8-de-septiembre-para-evaluar-acciones-contra-el-gusano-barrenador\/","title":{"rendered":"\u201cUSDA visitar\u00e1 Sonora el 8 de septiembre para evaluar acciones contra el gusano barrenador\u201d"},"content":{"rendered":"<p>El pr\u00f3ximo 8 de septiembre arribar\u00e1 a Sonora personal del Departamento de Agricultura de Estados Unidos (USDA) para supervisar los trabajos de control y erradicaci\u00f3n del gusano barrenador, inform\u00f3 Juan Ochoa Valenzuela, presidente de la Uni\u00f3n Ganadera Regional de Sonora.<\/p>\n<p>&nbsp;<\/p>\n<p>Detall\u00f3, que la visita ser\u00e1 determinante para avanzar en la reapertura de la exportaci\u00f3n de ganado hacia ese pa\u00eds, luego de que la entidad concluyera las etapas de trampeo y medidas preventivas.<\/p>\n<p>&nbsp;<\/p>\n<p>\u201cSe sigue trabajando en este sentido y a la par, se sigue buscando un programa muy\u00a0ambicioso para la reconversi\u00f3n de la ganader\u00eda en los estados exportadores,\u00a0dado a los cierres de la frontera.<\/p>\n<p>&nbsp;<\/p>\n<p>A\u00f1adi\u00f3, que tambi\u00e9n se ha estado trabajando en un proyecto muy\u00a0interesante para que Sonora no sea tan dependiente de la exportaci\u00f3n y el sector ganadero pueda seguir generando actividad econ\u00f3mica importante.<\/p>\n<p>&nbsp;<\/p>\n<p>&nbsp;<\/p>\n","protected":false},"excerpt":{"rendered":"<p>El pr\u00f3ximo 8 de septiembre arribar\u00e1 a Sonora personal del Departamento de Agricultura de Estados Unidos (USDA) para supervisar los trabajos de control y erradicaci\u00f3n del gusano barrenador, inform\u00f3 Juan Ochoa Valenzuela, presidente de la Uni\u00f3n Ganadera Regional de Sonora. &nbsp; Detall\u00f3, que la visita ser\u00e1 determinante para avanzar en la reapertura de la exportaci\u00f3n [&hellip;]<\/p>\n","protected":false},"author":2,"featured_media":227668,"comment_status":"closed","ping_status":"closed","sticky":false,"template":"","format":"standard","meta":{"footnotes":""},"categories":[12870,178],"tags":[12865,12869],"class_list":["post-227667","post","type-post","status-publish","format-standard","has-post-thumbnail","hentry","category-destacadas","category-local","tag-destacadas","tag-local"],"jetpack_featured_media_url":"https:\/\/rnoticias.com.mx\/Portal\/wp-content\/uploads\/2025\/08\/08-Juan-Ochoa.jpg","amp_enabled":true,"_links":{"self":[{"href":"https:\/\/rnoticias.com.mx\/Portal\/wp-json\/wp\/v2\/posts\/227667","targetHints":{"allow":["GET"]}}],"collection":[{"href":"https:\/\/rnoticias.com.mx\/Portal\/wp-json\/wp\/v2\/posts"}],"about":[{"href":"https:\/\/rnoticias.com.mx\/Portal\/wp-json\/wp\/v2\/types\/post"}],"author":[{"embeddable":true,"href":"https:\/\/rnoticias.com.mx\/Portal\/wp-json\/wp\/v2\/users\/2"}],"replies":[{"embeddable":true,"href":"https:\/\/rnoticias.com.mx\/Portal\/wp-json\/wp\/v2\/comments?post=227667"}],"version-history":[{"count":1,"href":"https:\/\/rnoticias.com.mx\/Portal\/wp-json\/wp\/v2\/posts\/227667\/revisions"}],"predecessor-version":[{"id":227669,"href":"https:\/\/rnoticias.com.mx\/Portal\/wp-json\/wp\/v2\/posts\/227667\/revisions\/227669"}],"wp:featuredmedia":[{"embeddable":true,"href":"https:\/\/rnoticias.com.mx\/Portal\/wp-json\/wp\/v2\/media\/227668"}],"wp:attachment":[{"href":"https:\/\/rnoticias.com.mx\/Portal\/wp-json\/wp\/v2\/media?parent=227667"}],"wp:term":[{"taxonomy":"category","embeddable":true,"href":"https:\/\/rnoticias.com.mx\/Portal\/wp-json\/wp\/v2\/categories?post=227667"},{"taxonomy":"post_tag","embeddable":true,"href":"https:\/\/rnoticias.com.mx\/Portal\/wp-json\/wp\/v2\/tags?post=227667"}],"curies":[{"name":"wp","href":"https:\/\/api.w.org\/{rel}","templated":true}]}}