{"id":227664,"date":"2025-08-25T19:38:07","date_gmt":"2025-08-26T02:38:07","guid":{"rendered":"https:\/\/rnoticias.com.mx\/Portal\/?p=227664"},"modified":"2025-08-25T19:38:07","modified_gmt":"2025-08-26T02:38:07","slug":"gobernador-alfonso-durazo-cumple-compromiso-historico-con-el-embovedado-de-la-avenida-tecnologico-en-nogales","status":"publish","type":"post","link":"https:\/\/rnoticias.com.mx\/Portal\/2025\/08\/25\/gobernador-alfonso-durazo-cumple-compromiso-historico-con-el-embovedado-de-la-avenida-tecnologico-en-nogales\/","title":{"rendered":"Gobernador Alfonso Durazo cumple compromiso hist\u00f3rico con el embovedado de la Avenida Tecnol\u00f3gico en Nogales"},"content":{"rendered":"<p>Nogales, Sonora; 25 de agosto de 2025.- El gobernador Alfonso Durazo Monta\u00f1o cumple un compromiso asumido desde campa\u00f1a al impulsar la construcci\u00f3n del embovedado en la Avenida Tecnol\u00f3gico de Nogales. Con una inversi\u00f3n superior a los 700 millones de pesos, este proyecto atiende de manera definitiva un problema que durante a\u00f1os cobr\u00f3 vidas humanas y p\u00e9rdidas materiales a causa de las inundaciones.<\/p>\n<p>Paulina Oca\u00f1a, jefa de la Oficina del Ejecutivo Estatal, acompa\u00f1ada por la secretaria de Infraestructura y Desarrollo Urbano, Alejandra Castro, realiz\u00f3 un recorrido de supervisi\u00f3n por la obra, constatando los avances de un sistema dise\u00f1ado para captar y canalizar el agua pluvial. Ambas funcionarias destacaron la magnitud de los trabajos y llamaron a la ciudadan\u00eda a colaborar en su conservaci\u00f3n evitando arrojar basura que obstruya las rejillas de captaci\u00f3n.<\/p>\n<p>\u201cDesde que estaba en campa\u00f1a, nuestro gobernador Alfonso Durazo se comprometi\u00f3 porque sabe de la importancia y de las vidas que cobraba esta situaci\u00f3n. Es por eso que se destinaron 700 millones de pesos para poder atenderlo y el Gobierno del Estado est\u00e1 haciendo su parte\u201d, subray\u00f3 Paulina Oca\u00f1a.<\/p>\n<p>La obra contempla m\u00e1s de cinco kil\u00f3metros de embovedado a lo largo de la avenida, con tramos iniciales de 600 metros y 1.2 kil\u00f3metros, y estructuras de hasta 2.7 metros de profundidad en concreto y acero reforzado. Este sistema permitir\u00e1 que el agua deje de correr a cielo abierto y se encause de forma segura, reduciendo riesgos en una ciudad asentada en colinas y desniveles que antes generaban arroyos peligrosos.<\/p>\n<p>Con esta acci\u00f3n, el Gobierno de Sonora refrenda su compromiso de transformar Nogales con obras de gran calado que protegen la vida y el patrimonio de la gente, al mismo tiempo que fortalecen la corresponsabilidad entre gobierno y sociedad para cuidar el recurso p\u00fablico invertido en beneficio de las y los sonorenses.<\/p>\n","protected":false},"excerpt":{"rendered":"<p>Nogales, Sonora; 25 de agosto de 2025.- El gobernador Alfonso Durazo Monta\u00f1o cumple un compromiso asumido desde campa\u00f1a al impulsar la construcci\u00f3n del embovedado en la Avenida Tecnol\u00f3gico de Nogales. Con una inversi\u00f3n superior a los 700 millones de pesos, este proyecto atiende de manera definitiva un problema que durante a\u00f1os cobr\u00f3 vidas humanas y [&hellip;]<\/p>\n","protected":false},"author":2,"featured_media":227665,"comment_status":"closed","ping_status":"closed","sticky":false,"template":"","format":"standard","meta":{"footnotes":""},"categories":[12870,174],"tags":[12865,12873],"class_list":["post-227664","post","type-post","status-publish","format-standard","has-post-thumbnail","hentry","category-destacadas","category-estatal","tag-destacadas","tag-estatal"],"jetpack_featured_media_url":"https:\/\/rnoticias.com.mx\/Portal\/wp-content\/uploads\/2025\/08\/321d.jpg","amp_enabled":true,"_links":{"self":[{"href":"https:\/\/rnoticias.com.mx\/Portal\/wp-json\/wp\/v2\/posts\/227664","targetHints":{"allow":["GET"]}}],"collection":[{"href":"https:\/\/rnoticias.com.mx\/Portal\/wp-json\/wp\/v2\/posts"}],"about":[{"href":"https:\/\/rnoticias.com.mx\/Portal\/wp-json\/wp\/v2\/types\/post"}],"author":[{"embeddable":true,"href":"https:\/\/rnoticias.com.mx\/Portal\/wp-json\/wp\/v2\/users\/2"}],"replies":[{"embeddable":true,"href":"https:\/\/rnoticias.com.mx\/Portal\/wp-json\/wp\/v2\/comments?post=227664"}],"version-history":[{"count":1,"href":"https:\/\/rnoticias.com.mx\/Portal\/wp-json\/wp\/v2\/posts\/227664\/revisions"}],"predecessor-version":[{"id":227666,"href":"https:\/\/rnoticias.com.mx\/Portal\/wp-json\/wp\/v2\/posts\/227664\/revisions\/227666"}],"wp:featuredmedia":[{"embeddable":true,"href":"https:\/\/rnoticias.com.mx\/Portal\/wp-json\/wp\/v2\/media\/227665"}],"wp:attachment":[{"href":"https:\/\/rnoticias.com.mx\/Portal\/wp-json\/wp\/v2\/media?parent=227664"}],"wp:term":[{"taxonomy":"category","embeddable":true,"href":"https:\/\/rnoticias.com.mx\/Portal\/wp-json\/wp\/v2\/categories?post=227664"},{"taxonomy":"post_tag","embeddable":true,"href":"https:\/\/rnoticias.com.mx\/Portal\/wp-json\/wp\/v2\/tags?post=227664"}],"curies":[{"name":"wp","href":"https:\/\/api.w.org\/{rel}","templated":true}]}}