{"id":227658,"date":"2025-08-25T19:11:37","date_gmt":"2025-08-26T02:11:37","guid":{"rendered":"https:\/\/rnoticias.com.mx\/Portal\/?p=227658"},"modified":"2025-08-25T19:11:37","modified_gmt":"2025-08-26T02:11:37","slug":"listos-para-legislar-en-favor-de-la-justicia-social-y-el-bienestar-del-pueblo-de-mexico-heriberto-aguilar","status":"publish","type":"post","link":"https:\/\/rnoticias.com.mx\/Portal\/2025\/08\/25\/listos-para-legislar-en-favor-de-la-justicia-social-y-el-bienestar-del-pueblo-de-mexico-heriberto-aguilar\/","title":{"rendered":"Listos para legislar en favor de la justicia social y el bienestar del pueblo de M\u00e9xico: Heriberto Aguilar"},"content":{"rendered":"<p>Guaymas, Sonora | 24 de agosto de 2025.- El senador por Sonora, Heriberto Aguilar Castillo, afirm\u00f3 que Morena y su bancada en la C\u00e1mara de Senadores est\u00e1n preparados para iniciar el pr\u00f3ximo periodo ordinario de sesiones con una agenda legislativa que responde a las necesidades m\u00e1s apremiantes del pueblo y que se centra en la justicia social y el bienestar de las y los mexicanos.<\/p>\n<p>Aguilar Castillo destac\u00f3 que entre las prioridades se encuentran iniciativas de gran calado, as\u00ed como leyes reglamentarias derivadas de reformas constitucionales ya aprobadas, que deben traducirse en beneficios concretos para la ciudadan\u00eda. Entre ellas, el nuevo C\u00f3digo Nacional de Procedimientos Penales, la Ley contra la Extorsi\u00f3n, la Ley General de Salud y la Ley de Amparo.<\/p>\n<p>Asimismo, subray\u00f3 la importancia de legislar en materia de igualdad sustantiva, derechos de pueblos ind\u00edgenas y afromexicanos, vivienda digna para los trabajadores, programas de bienestar y fortalecimiento de la soberan\u00eda nacional.<\/p>\n<p>\u201cEstamos listos para cumplirle al pueblo. La agenda que tenemos enfrente es ambiciosa, pero responde al mandato que nos dio la gente: transformar las instituciones para que dejen de servir a unos cuantos y pongan al centro a quienes m\u00e1s lo necesitan\u201d, expres\u00f3.<\/p>\n<p>El senador puntualiz\u00f3 que Morena trabajar\u00e1 con paso firme para que estas reformas se traduzcan en leyes que garanticen justicia, igualdad, bienestar y soberan\u00eda. A\u00f1adi\u00f3 que en septiembre dar\u00e1 inicio el periodo ordinario de sesiones del segundo a\u00f1o de actividades de la C\u00e1mara de Senadores, donde se habr\u00e1n de debatir y aprobar estas iniciativas, incluidas las leyes reglamentarias, en beneficio del pueblo.<\/p>\n<p>Finalmente, el tambi\u00e9n fundador de Morena, Aguilar Castillo record\u00f3 que ha estado recorriendo casa por casa para informar de manera directa al pueblo sobre las reformas y avances del movimiento, adem\u00e1s de asumir la tarea de participar como mentor en la conformaci\u00f3n de los comit\u00e9s seccionales de Morena en Sonora, convencido de que solo con organizaci\u00f3n y cercan\u00eda se construye la transformaci\u00f3n.<\/p>\n","protected":false},"excerpt":{"rendered":"<p>Guaymas, Sonora | 24 de agosto de 2025.- El senador por Sonora, Heriberto Aguilar Castillo, afirm\u00f3 que Morena y su bancada en la C\u00e1mara de Senadores est\u00e1n preparados para iniciar el pr\u00f3ximo periodo ordinario de sesiones con una agenda legislativa que responde a las necesidades m\u00e1s apremiantes del pueblo y que se centra en la [&hellip;]<\/p>\n","protected":false},"author":2,"featured_media":227659,"comment_status":"closed","ping_status":"closed","sticky":false,"template":"","format":"standard","meta":{"footnotes":""},"categories":[12870,12868],"tags":[12865,12879],"class_list":["post-227658","post","type-post","status-publish","format-standard","has-post-thumbnail","hentry","category-destacadas","category-politica","tag-destacadas","tag-politica"],"jetpack_featured_media_url":"https:\/\/rnoticias.com.mx\/Portal\/wp-content\/uploads\/2025\/08\/884da1c0-f07c-479e-b79e-ac7e057522da-scaled.jpg","amp_enabled":true,"_links":{"self":[{"href":"https:\/\/rnoticias.com.mx\/Portal\/wp-json\/wp\/v2\/posts\/227658","targetHints":{"allow":["GET"]}}],"collection":[{"href":"https:\/\/rnoticias.com.mx\/Portal\/wp-json\/wp\/v2\/posts"}],"about":[{"href":"https:\/\/rnoticias.com.mx\/Portal\/wp-json\/wp\/v2\/types\/post"}],"author":[{"embeddable":true,"href":"https:\/\/rnoticias.com.mx\/Portal\/wp-json\/wp\/v2\/users\/2"}],"replies":[{"embeddable":true,"href":"https:\/\/rnoticias.com.mx\/Portal\/wp-json\/wp\/v2\/comments?post=227658"}],"version-history":[{"count":1,"href":"https:\/\/rnoticias.com.mx\/Portal\/wp-json\/wp\/v2\/posts\/227658\/revisions"}],"predecessor-version":[{"id":227660,"href":"https:\/\/rnoticias.com.mx\/Portal\/wp-json\/wp\/v2\/posts\/227658\/revisions\/227660"}],"wp:featuredmedia":[{"embeddable":true,"href":"https:\/\/rnoticias.com.mx\/Portal\/wp-json\/wp\/v2\/media\/227659"}],"wp:attachment":[{"href":"https:\/\/rnoticias.com.mx\/Portal\/wp-json\/wp\/v2\/media?parent=227658"}],"wp:term":[{"taxonomy":"category","embeddable":true,"href":"https:\/\/rnoticias.com.mx\/Portal\/wp-json\/wp\/v2\/categories?post=227658"},{"taxonomy":"post_tag","embeddable":true,"href":"https:\/\/rnoticias.com.mx\/Portal\/wp-json\/wp\/v2\/tags?post=227658"}],"curies":[{"name":"wp","href":"https:\/\/api.w.org\/{rel}","templated":true}]}}