{"id":227652,"date":"2025-08-25T19:01:36","date_gmt":"2025-08-26T02:01:36","guid":{"rendered":"https:\/\/rnoticias.com.mx\/Portal\/?p=227652"},"modified":"2025-08-25T19:01:36","modified_gmt":"2025-08-26T02:01:36","slug":"se-forma-la-tormenta-tropical-juliette-en-costas-del-pacifico-mexicano","status":"publish","type":"post","link":"https:\/\/rnoticias.com.mx\/Portal\/2025\/08\/25\/se-forma-la-tormenta-tropical-juliette-en-costas-del-pacifico-mexicano\/","title":{"rendered":"Se forma la tormenta tropical \u2018Juliette\u2019 en costas del Pac\u00edfico mexicano"},"content":{"rendered":"<p>La\u00a0<strong>tormenta tropical<\/strong>\u00a0\u2018<strong>Juliette<\/strong>\u2019, el d\u00e9cimo cicl\u00f3n de la temporada, se form\u00f3 en las \u00faltimas horas en el\u00a0<strong>oc\u00e9ano Pac\u00edfico<\/strong>, frente a las costas de Baja California Sur, en el noroeste de M\u00e9xico, inform\u00f3 este lunes el\u00a0<strong>Servicio Meteorol\u00f3gico Nacional<\/strong>\u00a0(SMN).<\/p>\n<p>En un comunicado, el SMN indic\u00f3 que a las 03:00 hora local (09:00 GMT) el centro de la tormenta se localiz\u00f3 aproximadamente a 705 kil\u00f3metros al sur-suroeste de Cabo San Lucas,\u00a0<strong>Baja California Sur<\/strong>. Asimismo, apunt\u00f3 que \u2018Juliette\u2019 registra vientos m\u00e1ximos sostenidos de 65 kil\u00f3metros por hora (km\/h),\u00a0<strong>rachas de<\/strong>\u00a0<strong>85 km<\/strong>\/<strong>h<\/strong>\u00a0y se desplaza hacia el oeste-noroeste a 20 km\/h.<\/p>\n<p>Se\u00f1al\u00f3 adem\u00e1s que se espera que el cicl\u00f3n contin\u00fae movi\u00e9ndose en direcci\u00f3n oeste-noroeste durante lunes y martes, y que luego vire hacia el noroeste y aunque podr\u00eda fortalecerse entre martes y jueves, para el viernes se debilitar\u00eda a baja presi\u00f3n. Ante ello, el SMN pidi\u00f3 a la poblaci\u00f3n extremar\u00a0<strong>precauciones<\/strong>\u00a0en las zonas de Baja California Sur por oleaje (incluyendo la navegaci\u00f3n mar\u00edtima) y atender las recomendaciones emitidas por las autoridades del\u00a0<strong>Sistema Nacional de Protecci\u00f3n Civil<\/strong>, en dicha entidad.<\/p>\n","protected":false},"excerpt":{"rendered":"<p>La\u00a0tormenta tropical\u00a0\u2018Juliette\u2019, el d\u00e9cimo cicl\u00f3n de la temporada, se form\u00f3 en las \u00faltimas horas en el\u00a0oc\u00e9ano Pac\u00edfico, frente a las costas de Baja California Sur, en el noroeste de M\u00e9xico, inform\u00f3 este lunes el\u00a0Servicio Meteorol\u00f3gico Nacional\u00a0(SMN). En un comunicado, el SMN indic\u00f3 que a las 03:00 hora local (09:00 GMT) el centro de la tormenta [&hellip;]<\/p>\n","protected":false},"author":2,"featured_media":227653,"comment_status":"closed","ping_status":"closed","sticky":false,"template":"","format":"standard","meta":{"footnotes":""},"categories":[12870,172],"tags":[12865,12874],"class_list":["post-227652","post","type-post","status-publish","format-standard","has-post-thumbnail","hentry","category-destacadas","category-nacional","tag-destacadas","tag-nacional"],"jetpack_featured_media_url":"https:\/\/rnoticias.com.mx\/Portal\/wp-content\/uploads\/2025\/08\/tormenta-julliete-huracan-pacifico.webp","amp_enabled":true,"_links":{"self":[{"href":"https:\/\/rnoticias.com.mx\/Portal\/wp-json\/wp\/v2\/posts\/227652","targetHints":{"allow":["GET"]}}],"collection":[{"href":"https:\/\/rnoticias.com.mx\/Portal\/wp-json\/wp\/v2\/posts"}],"about":[{"href":"https:\/\/rnoticias.com.mx\/Portal\/wp-json\/wp\/v2\/types\/post"}],"author":[{"embeddable":true,"href":"https:\/\/rnoticias.com.mx\/Portal\/wp-json\/wp\/v2\/users\/2"}],"replies":[{"embeddable":true,"href":"https:\/\/rnoticias.com.mx\/Portal\/wp-json\/wp\/v2\/comments?post=227652"}],"version-history":[{"count":1,"href":"https:\/\/rnoticias.com.mx\/Portal\/wp-json\/wp\/v2\/posts\/227652\/revisions"}],"predecessor-version":[{"id":227654,"href":"https:\/\/rnoticias.com.mx\/Portal\/wp-json\/wp\/v2\/posts\/227652\/revisions\/227654"}],"wp:featuredmedia":[{"embeddable":true,"href":"https:\/\/rnoticias.com.mx\/Portal\/wp-json\/wp\/v2\/media\/227653"}],"wp:attachment":[{"href":"https:\/\/rnoticias.com.mx\/Portal\/wp-json\/wp\/v2\/media?parent=227652"}],"wp:term":[{"taxonomy":"category","embeddable":true,"href":"https:\/\/rnoticias.com.mx\/Portal\/wp-json\/wp\/v2\/categories?post=227652"},{"taxonomy":"post_tag","embeddable":true,"href":"https:\/\/rnoticias.com.mx\/Portal\/wp-json\/wp\/v2\/tags?post=227652"}],"curies":[{"name":"wp","href":"https:\/\/api.w.org\/{rel}","templated":true}]}}