{"id":227648,"date":"2025-08-25T19:00:27","date_gmt":"2025-08-26T02:00:27","guid":{"rendered":"https:\/\/rnoticias.com.mx\/Portal\/?p=227648"},"modified":"2025-08-25T19:00:27","modified_gmt":"2025-08-26T02:00:27","slug":"tortugueros-comcaac-llaman-a-la-sociedad-a-salvar-a-la-tortuga-golfina","status":"publish","type":"post","link":"https:\/\/rnoticias.com.mx\/Portal\/2025\/08\/25\/tortugueros-comcaac-llaman-a-la-sociedad-a-salvar-a-la-tortuga-golfina\/","title":{"rendered":"Tortugueros Comc\u00e1ac llaman a la sociedad a salvar a la tortuga golfina"},"content":{"rendered":"<p>En la comunidad de Desemboque, el Grupo Tortuguero Comc\u00e1ac enfrenta serias dificultades para continuar con la protecci\u00f3n de la tortuga golfina, especie catalogada en peligro de extinci\u00f3n.<\/p>\n<p>&nbsp;<\/p>\n<p>Su coordinador, Alberto Estrella, explic\u00f3 que este a\u00f1o no han contado con respaldo de instituciones como la Comisi\u00f3n Nacional de \u00c1reas Naturales Protegidas (CONANP), lo que limita las labores de vigilancia y recolecci\u00f3n de nidos en las playas, ya que la moto que usan para ello est\u00e1 descompuesta.<\/p>\n<p>&nbsp;<\/p>\n<p>\u201cPor eso es que nosotros ahorita que ya no tenemos como\u00a0reparar nuestras motos pues por eso es que pedimos apoyo a la, bueno a la comunidad\u00a0y entonces y as\u00ed poder seguir haciendo nuestro trabajo y pues salvar esta temporada\u00a0con buenos resultados\u201d, dijo.<\/p>\n<p>&nbsp;<\/p>\n<p>A pesar de ello, reconoci\u00f3 que los voluntarios mantienen su compromiso de liberar la mayor cantidad posible de cr\u00edas, conscientes de la importancia de cada ejemplar para la sobrevivencia de la especie.<\/p>\n<p>&nbsp;<\/p>\n<p>Finalmente, Alberto Estrella hizo un llamado a la sociedad para quien guste sumarse a su causa apoyando su labor de conservaci\u00f3n, pueden hacerlo mediante aportaciones a la cuenta BBVA 4152 3139 5912 9417 y la cual est\u00e1 a su nombre.<\/p>\n","protected":false},"excerpt":{"rendered":"<p>En la comunidad de Desemboque, el Grupo Tortuguero Comc\u00e1ac enfrenta serias dificultades para continuar con la protecci\u00f3n de la tortuga golfina, especie catalogada en peligro de extinci\u00f3n. &nbsp; Su coordinador, Alberto Estrella, explic\u00f3 que este a\u00f1o no han contado con respaldo de instituciones como la Comisi\u00f3n Nacional de \u00c1reas Naturales Protegidas (CONANP), lo que limita [&hellip;]<\/p>\n","protected":false},"author":2,"featured_media":227650,"comment_status":"closed","ping_status":"closed","sticky":false,"template":"","format":"standard","meta":{"footnotes":""},"categories":[12870,178],"tags":[12865,12869],"class_list":["post-227648","post","type-post","status-publish","format-standard","has-post-thumbnail","hentry","category-destacadas","category-local","tag-destacadas","tag-local"],"jetpack_featured_media_url":"https:\/\/rnoticias.com.mx\/Portal\/wp-content\/uploads\/2025\/08\/image00015-768x512-1.jpeg","amp_enabled":true,"_links":{"self":[{"href":"https:\/\/rnoticias.com.mx\/Portal\/wp-json\/wp\/v2\/posts\/227648","targetHints":{"allow":["GET"]}}],"collection":[{"href":"https:\/\/rnoticias.com.mx\/Portal\/wp-json\/wp\/v2\/posts"}],"about":[{"href":"https:\/\/rnoticias.com.mx\/Portal\/wp-json\/wp\/v2\/types\/post"}],"author":[{"embeddable":true,"href":"https:\/\/rnoticias.com.mx\/Portal\/wp-json\/wp\/v2\/users\/2"}],"replies":[{"embeddable":true,"href":"https:\/\/rnoticias.com.mx\/Portal\/wp-json\/wp\/v2\/comments?post=227648"}],"version-history":[{"count":1,"href":"https:\/\/rnoticias.com.mx\/Portal\/wp-json\/wp\/v2\/posts\/227648\/revisions"}],"predecessor-version":[{"id":227651,"href":"https:\/\/rnoticias.com.mx\/Portal\/wp-json\/wp\/v2\/posts\/227648\/revisions\/227651"}],"wp:featuredmedia":[{"embeddable":true,"href":"https:\/\/rnoticias.com.mx\/Portal\/wp-json\/wp\/v2\/media\/227650"}],"wp:attachment":[{"href":"https:\/\/rnoticias.com.mx\/Portal\/wp-json\/wp\/v2\/media?parent=227648"}],"wp:term":[{"taxonomy":"category","embeddable":true,"href":"https:\/\/rnoticias.com.mx\/Portal\/wp-json\/wp\/v2\/categories?post=227648"},{"taxonomy":"post_tag","embeddable":true,"href":"https:\/\/rnoticias.com.mx\/Portal\/wp-json\/wp\/v2\/tags?post=227648"}],"curies":[{"name":"wp","href":"https:\/\/api.w.org\/{rel}","templated":true}]}}