{"id":227631,"date":"2025-08-25T18:19:27","date_gmt":"2025-08-26T01:19:27","guid":{"rendered":"https:\/\/rnoticias.com.mx\/Portal\/?p=227631"},"modified":"2025-08-25T18:19:27","modified_gmt":"2025-08-26T01:19:27","slug":"confian-en-zonas-salva-de-gobierno-de-sonora-mujeres-en-riesgo-o-peligro","status":"publish","type":"post","link":"https:\/\/rnoticias.com.mx\/Portal\/2025\/08\/25\/confian-en-zonas-salva-de-gobierno-de-sonora-mujeres-en-riesgo-o-peligro\/","title":{"rendered":"Conf\u00edan en Zonas SALVA de Gobierno de Sonora mujeres en riesgo o peligro"},"content":{"rendered":"<p>Hermosillo, Sonora; 25 de agosto de 2025.- Un total de 15 activaciones en lo que va del a\u00f1o se han registrado en las Zonas SALVA, programa que implement\u00f3 el Gobierno de Sonora en colaboraci\u00f3n con empresas de la iniciativa privada e instituciones. Con ello, se confirma la confianza de mujeres en riesgo o peligro de violencia en esta estrategia de prevenci\u00f3n.<\/p>\n<p>La Secretar\u00eda de Seguridad P\u00fablica (SSP), a trav\u00e9s del Sistema de Atenci\u00f3n a la Violencia Familiar y de G\u00e9nero (SALVA), inici\u00f3 en abril de 2022 con la implementaci\u00f3n de las Zonas SALVA, cuyo prop\u00f3sito es:<\/p>\n<p>&#8211; Resguardar en sus instalaciones a una posible v\u00edctima de violencia.<\/p>\n<p>&#8211; Hacerla sentir segura.<\/p>\n<p>&#8211; Evaluar la situaci\u00f3n.<\/p>\n<p>&#8211; Notificar a la l\u00ednea 9-1-1.<\/p>\n<p>&#8211; Esperar la llegada de una autoridad de seguridad.<\/p>\n<p>A la fecha, en Sonora se cuenta con tres mil 152 Zonas SALVA distribuidas en los 72 municipios. Desde su inicio, el programa se ha activado en 58 ocasiones, gracias al compromiso con la seguridad de las mujeres de la administraci\u00f3n estatal, as\u00ed como de empresas e instituciones p\u00fablicas y privadas.<\/p>\n<p>La Secretar\u00eda de Seguridad P\u00fablica recuerda a las sonorenses que una Zona SALVA est\u00e1 identificada en su exterior con el logotipo oficial, cuenta con personal capacitado en protocolos de atenci\u00f3n y es supervisada de forma permanente.<\/p>\n","protected":false},"excerpt":{"rendered":"<p>Hermosillo, Sonora; 25 de agosto de 2025.- Un total de 15 activaciones en lo que va del a\u00f1o se han registrado en las Zonas SALVA, programa que implement\u00f3 el Gobierno de Sonora en colaboraci\u00f3n con empresas de la iniciativa privada e instituciones. Con ello, se confirma la confianza de mujeres en riesgo o peligro de [&hellip;]<\/p>\n","protected":false},"author":2,"featured_media":227632,"comment_status":"closed","ping_status":"closed","sticky":false,"template":"","format":"standard","meta":{"footnotes":""},"categories":[12870,178],"tags":[12865,12869],"class_list":["post-227631","post","type-post","status-publish","format-standard","has-post-thumbnail","hentry","category-destacadas","category-local","tag-destacadas","tag-local"],"jetpack_featured_media_url":"https:\/\/rnoticias.com.mx\/Portal\/wp-content\/uploads\/2025\/08\/unnamed-81.jpg","amp_enabled":true,"_links":{"self":[{"href":"https:\/\/rnoticias.com.mx\/Portal\/wp-json\/wp\/v2\/posts\/227631","targetHints":{"allow":["GET"]}}],"collection":[{"href":"https:\/\/rnoticias.com.mx\/Portal\/wp-json\/wp\/v2\/posts"}],"about":[{"href":"https:\/\/rnoticias.com.mx\/Portal\/wp-json\/wp\/v2\/types\/post"}],"author":[{"embeddable":true,"href":"https:\/\/rnoticias.com.mx\/Portal\/wp-json\/wp\/v2\/users\/2"}],"replies":[{"embeddable":true,"href":"https:\/\/rnoticias.com.mx\/Portal\/wp-json\/wp\/v2\/comments?post=227631"}],"version-history":[{"count":1,"href":"https:\/\/rnoticias.com.mx\/Portal\/wp-json\/wp\/v2\/posts\/227631\/revisions"}],"predecessor-version":[{"id":227633,"href":"https:\/\/rnoticias.com.mx\/Portal\/wp-json\/wp\/v2\/posts\/227631\/revisions\/227633"}],"wp:featuredmedia":[{"embeddable":true,"href":"https:\/\/rnoticias.com.mx\/Portal\/wp-json\/wp\/v2\/media\/227632"}],"wp:attachment":[{"href":"https:\/\/rnoticias.com.mx\/Portal\/wp-json\/wp\/v2\/media?parent=227631"}],"wp:term":[{"taxonomy":"category","embeddable":true,"href":"https:\/\/rnoticias.com.mx\/Portal\/wp-json\/wp\/v2\/categories?post=227631"},{"taxonomy":"post_tag","embeddable":true,"href":"https:\/\/rnoticias.com.mx\/Portal\/wp-json\/wp\/v2\/tags?post=227631"}],"curies":[{"name":"wp","href":"https:\/\/api.w.org\/{rel}","templated":true}]}}