{"id":227622,"date":"2025-08-25T18:06:53","date_gmt":"2025-08-26T01:06:53","guid":{"rendered":"https:\/\/rnoticias.com.mx\/Portal\/?p=227622"},"modified":"2025-08-25T18:06:53","modified_gmt":"2025-08-26T01:06:53","slug":"cfe-anuncia-corte-de-energia-para-dos-colonias-del-norte-de-hermosillo","status":"publish","type":"post","link":"https:\/\/rnoticias.com.mx\/Portal\/2025\/08\/25\/cfe-anuncia-corte-de-energia-para-dos-colonias-del-norte-de-hermosillo\/","title":{"rendered":"CFE anuncia corte de energ\u00eda para dos colonias del Norte de Hermosillo"},"content":{"rendered":"<p>La Comisi\u00f3n Federal de Electricidad (CFE) inform\u00f3 que el mi\u00e9rcoles 27 de agosto suspender\u00e1 el servicio de energ\u00eda el\u00e9ctrica en las colonias Villa Verde Nueva y San Germ\u00e1n de Hermosillo.<\/p>\n<p>&nbsp;<\/p>\n<p>El corte se llevar\u00e1 a cabo de 09:30 a 13:30 horas y se debe a la conexi\u00f3n de un nuevo circuito a\u00e9reo proveniente de la subestaci\u00f3n Pueblitos, con el fin de mejorar la calidad y continuidad del suministro en la zona norte de la ciudad.<\/p>\n<p>&nbsp;<\/p>\n<p>Finalmente, Comisi\u00f3n Federal de Electricidad (CFE), pidi\u00f3 comprensi\u00f3n a los usuarios de esas colonias y explic\u00f3 que estas maniobras del mi\u00e9rcoles requieren que las l\u00edneas permanezcan desenergizadas para garantizar la seguridad de las cuadrillas.<\/p>\n","protected":false},"excerpt":{"rendered":"<p>La Comisi\u00f3n Federal de Electricidad (CFE) inform\u00f3 que el mi\u00e9rcoles 27 de agosto suspender\u00e1 el servicio de energ\u00eda el\u00e9ctrica en las colonias Villa Verde Nueva y San Germ\u00e1n de Hermosillo. &nbsp; El corte se llevar\u00e1 a cabo de 09:30 a 13:30 horas y se debe a la conexi\u00f3n de un nuevo circuito a\u00e9reo proveniente de [&hellip;]<\/p>\n","protected":false},"author":2,"featured_media":227623,"comment_status":"closed","ping_status":"closed","sticky":false,"template":"","format":"standard","meta":{"footnotes":""},"categories":[12870,178],"tags":[12865,12869],"class_list":["post-227622","post","type-post","status-publish","format-standard","has-post-thumbnail","hentry","category-destacadas","category-local","tag-destacadas","tag-local"],"jetpack_featured_media_url":"https:\/\/rnoticias.com.mx\/Portal\/wp-content\/uploads\/2025\/08\/CFE-1.jpg","amp_enabled":true,"_links":{"self":[{"href":"https:\/\/rnoticias.com.mx\/Portal\/wp-json\/wp\/v2\/posts\/227622","targetHints":{"allow":["GET"]}}],"collection":[{"href":"https:\/\/rnoticias.com.mx\/Portal\/wp-json\/wp\/v2\/posts"}],"about":[{"href":"https:\/\/rnoticias.com.mx\/Portal\/wp-json\/wp\/v2\/types\/post"}],"author":[{"embeddable":true,"href":"https:\/\/rnoticias.com.mx\/Portal\/wp-json\/wp\/v2\/users\/2"}],"replies":[{"embeddable":true,"href":"https:\/\/rnoticias.com.mx\/Portal\/wp-json\/wp\/v2\/comments?post=227622"}],"version-history":[{"count":1,"href":"https:\/\/rnoticias.com.mx\/Portal\/wp-json\/wp\/v2\/posts\/227622\/revisions"}],"predecessor-version":[{"id":227624,"href":"https:\/\/rnoticias.com.mx\/Portal\/wp-json\/wp\/v2\/posts\/227622\/revisions\/227624"}],"wp:featuredmedia":[{"embeddable":true,"href":"https:\/\/rnoticias.com.mx\/Portal\/wp-json\/wp\/v2\/media\/227623"}],"wp:attachment":[{"href":"https:\/\/rnoticias.com.mx\/Portal\/wp-json\/wp\/v2\/media?parent=227622"}],"wp:term":[{"taxonomy":"category","embeddable":true,"href":"https:\/\/rnoticias.com.mx\/Portal\/wp-json\/wp\/v2\/categories?post=227622"},{"taxonomy":"post_tag","embeddable":true,"href":"https:\/\/rnoticias.com.mx\/Portal\/wp-json\/wp\/v2\/tags?post=227622"}],"curies":[{"name":"wp","href":"https:\/\/api.w.org\/{rel}","templated":true}]}}