{"id":227619,"date":"2025-08-25T18:05:40","date_gmt":"2025-08-26T01:05:40","guid":{"rendered":"https:\/\/rnoticias.com.mx\/Portal\/?p=227619"},"modified":"2025-08-25T18:05:40","modified_gmt":"2025-08-26T01:05:40","slug":"mercado-municipal-1-abrira-hasta-concluir-revisiones","status":"publish","type":"post","link":"https:\/\/rnoticias.com.mx\/Portal\/2025\/08\/25\/mercado-municipal-1-abrira-hasta-concluir-revisiones\/","title":{"rendered":"Mercado Municipal 1 abrir\u00e1 hasta concluir revisiones"},"content":{"rendered":"<p>Hermosillo, Sonora. El Mercado Municipal N\u00famero 1 de Hermosillo contin\u00faa en proceso de adecuaci\u00f3n, con la instalaci\u00f3n de equipos, mobiliario y sistemas de seguridad que permitir\u00e1n a los locatarios iniciar operaciones en pr\u00f3ximas semanas.<\/p>\n<p>&nbsp;<\/p>\n<p>Mar\u00eda Auxiliadora Ung, secretaria de la Uni\u00f3n de Locatarios, la mayor\u00eda de comerciantes ya colocaron estufas, vitrinas, extractores y condensadores, de acuerdo con el giro de cada negocio.<\/p>\n<p>&nbsp;<\/p>\n<p>\u201cEl inmueble a\u00fan permanece cerrado mientras autoridades y contratistas concluyen la colocaci\u00f3n del sistema contra incendios y corrigen detalles el\u00e9ctricos, trabajos indispensables para garantizar la seguridad tanto de clientes como de vendedores\u201d, dijo.<\/p>\n<p>&nbsp;<\/p>\n<p>Recalc\u00f3, que esos son pendientes por parte del contratista, espera puedan ser subsanados lo m\u00e1s pronto posible y de esa manera ingresen los m\u00e1s de 70 locatarios al mismo tiempo.<\/p>\n<p>&nbsp;<\/p>\n<p>\u201cLos comerciantes confiamos en que la apertura se realice de manera simult\u00e1nea, una vez que se entreguen todas las condiciones para operar con seguridad\u201d, concluy\u00f3.<\/p>\n<p>&nbsp;<\/p>\n","protected":false},"excerpt":{"rendered":"<p>Hermosillo, Sonora. El Mercado Municipal N\u00famero 1 de Hermosillo contin\u00faa en proceso de adecuaci\u00f3n, con la instalaci\u00f3n de equipos, mobiliario y sistemas de seguridad que permitir\u00e1n a los locatarios iniciar operaciones en pr\u00f3ximas semanas. &nbsp; Mar\u00eda Auxiliadora Ung, secretaria de la Uni\u00f3n de Locatarios, la mayor\u00eda de comerciantes ya colocaron estufas, vitrinas, extractores y condensadores, [&hellip;]<\/p>\n","protected":false},"author":2,"featured_media":227620,"comment_status":"closed","ping_status":"closed","sticky":false,"template":"","format":"standard","meta":{"footnotes":""},"categories":[12870,178],"tags":[12865,12869],"class_list":["post-227619","post","type-post","status-publish","format-standard","has-post-thumbnail","hentry","category-destacadas","category-local","tag-destacadas","tag-local"],"jetpack_featured_media_url":"https:\/\/rnoticias.com.mx\/Portal\/wp-content\/uploads\/2025\/08\/nuevo-mercado-municipal-de-hermosillo-32ce9ac1-focus-0-0-1300-865.webp","amp_enabled":true,"_links":{"self":[{"href":"https:\/\/rnoticias.com.mx\/Portal\/wp-json\/wp\/v2\/posts\/227619","targetHints":{"allow":["GET"]}}],"collection":[{"href":"https:\/\/rnoticias.com.mx\/Portal\/wp-json\/wp\/v2\/posts"}],"about":[{"href":"https:\/\/rnoticias.com.mx\/Portal\/wp-json\/wp\/v2\/types\/post"}],"author":[{"embeddable":true,"href":"https:\/\/rnoticias.com.mx\/Portal\/wp-json\/wp\/v2\/users\/2"}],"replies":[{"embeddable":true,"href":"https:\/\/rnoticias.com.mx\/Portal\/wp-json\/wp\/v2\/comments?post=227619"}],"version-history":[{"count":1,"href":"https:\/\/rnoticias.com.mx\/Portal\/wp-json\/wp\/v2\/posts\/227619\/revisions"}],"predecessor-version":[{"id":227621,"href":"https:\/\/rnoticias.com.mx\/Portal\/wp-json\/wp\/v2\/posts\/227619\/revisions\/227621"}],"wp:featuredmedia":[{"embeddable":true,"href":"https:\/\/rnoticias.com.mx\/Portal\/wp-json\/wp\/v2\/media\/227620"}],"wp:attachment":[{"href":"https:\/\/rnoticias.com.mx\/Portal\/wp-json\/wp\/v2\/media?parent=227619"}],"wp:term":[{"taxonomy":"category","embeddable":true,"href":"https:\/\/rnoticias.com.mx\/Portal\/wp-json\/wp\/v2\/categories?post=227619"},{"taxonomy":"post_tag","embeddable":true,"href":"https:\/\/rnoticias.com.mx\/Portal\/wp-json\/wp\/v2\/tags?post=227619"}],"curies":[{"name":"wp","href":"https:\/\/api.w.org\/{rel}","templated":true}]}}