{"id":227610,"date":"2025-08-25T17:56:12","date_gmt":"2025-08-26T00:56:12","guid":{"rendered":"https:\/\/rnoticias.com.mx\/Portal\/?p=227610"},"modified":"2025-08-25T17:56:12","modified_gmt":"2025-08-26T00:56:12","slug":"fallece-futbolista-ecuatoriano-en-accidente-automovilistico","status":"publish","type":"post","link":"https:\/\/rnoticias.com.mx\/Portal\/2025\/08\/25\/fallece-futbolista-ecuatoriano-en-accidente-automovilistico\/","title":{"rendered":"Fallece futbolista ecuatoriano en accidente automovil\u00edstico"},"content":{"rendered":"<p>El futbolista ecuatoriano Marcos Olmedo, que militaba en el Mushuc Runa de la primera divisi\u00f3n de Ecuador,\u00a0<strong>muri\u00f3 este domingo en un accidente de tr\u00e1nsito registrado en la provincia norte\u00f1a de Esmeraldas, fronteriza con Colombia<\/strong>, un hecho que han lamentado su equipo, la Federaci\u00f3n Ecuatoriana de F\u00fatbol (FEF) y otros clubes del pa\u00eds.<\/p>\n<p>&#8220;Con profundo pesar lamentamos informar el fallecimiento de nuestro querido jugador Marcos Olmedo. Nuestras m\u00e1s sinceras condolencias a su familia y seres queridos en este momento de dolor. Descansa en paz, Marcos&#8221;, escribi\u00f3 el Mushuc Runa en su cuenta de X.<\/p>\n<p><strong>La Federaci\u00f3n Ecuatoriana de F\u00fatbol tambi\u00e9n lament\u00f3 en un comunicado el fallecimiento de Olmedo<\/strong>\u00a0y record\u00f3 que el jugador tambi\u00e9n hab\u00eda defendido &#8220;las camisetas de Aucas, Am\u00e9rica de Quito, Macar\u00e1, Liga de Quito y El Nacional, con el que fue campe\u00f3n de la Copa Ecuador 2024&#8221;.<\/p>\n<p>&#8220;Expresamos nuestras m\u00e1s sentidas condolencias a su familia, a sus compa\u00f1eros y a todos quienes forman parte del Mushuc Runa, as\u00ed como a la comunidad deportiva del pa\u00eds&#8221;, a\u00f1adi\u00f3 la FEF en su nota de condolencias.<\/p>\n<p>De acuerdo a informaci\u00f3n del ECU-911, esta ma\u00f1ana<strong>\u00a0se registr\u00f3 un choque entre dos veh\u00edculos en una carretera de la localidad de Quinind\u00e9, en el centro de Esmeraldas, donde adem\u00e1s de Olmedo fallecieron otros dos hombres que ten\u00edan entre 30 y 34 a\u00f1os.<\/strong><\/p>\n<p>&nbsp;<\/p>\n<p>&nbsp;<\/p>\n<p>Fuente: EFE<\/p>\n","protected":false},"excerpt":{"rendered":"<p>El futbolista ecuatoriano Marcos Olmedo, que militaba en el Mushuc Runa de la primera divisi\u00f3n de Ecuador,\u00a0muri\u00f3 este domingo en un accidente de tr\u00e1nsito registrado en la provincia norte\u00f1a de Esmeraldas, fronteriza con Colombia, un hecho que han lamentado su equipo, la Federaci\u00f3n Ecuatoriana de F\u00fatbol (FEF) y otros clubes del pa\u00eds. &#8220;Con profundo pesar [&hellip;]<\/p>\n","protected":false},"author":2,"featured_media":227611,"comment_status":"closed","ping_status":"closed","sticky":false,"template":"","format":"standard","meta":{"footnotes":""},"categories":[188,12870],"tags":[5231,12865],"class_list":["post-227610","post","type-post","status-publish","format-standard","has-post-thumbnail","hentry","category-deportes","category-destacadas","tag-deportes","tag-destacadas"],"jetpack_featured_media_url":"https:\/\/rnoticias.com.mx\/Portal\/wp-content\/uploads\/2025\/08\/Futbolista-ecuatoriano-Marcos-Olmedo-muere-en-un-accidente-de-transito.webp","amp_enabled":true,"_links":{"self":[{"href":"https:\/\/rnoticias.com.mx\/Portal\/wp-json\/wp\/v2\/posts\/227610","targetHints":{"allow":["GET"]}}],"collection":[{"href":"https:\/\/rnoticias.com.mx\/Portal\/wp-json\/wp\/v2\/posts"}],"about":[{"href":"https:\/\/rnoticias.com.mx\/Portal\/wp-json\/wp\/v2\/types\/post"}],"author":[{"embeddable":true,"href":"https:\/\/rnoticias.com.mx\/Portal\/wp-json\/wp\/v2\/users\/2"}],"replies":[{"embeddable":true,"href":"https:\/\/rnoticias.com.mx\/Portal\/wp-json\/wp\/v2\/comments?post=227610"}],"version-history":[{"count":1,"href":"https:\/\/rnoticias.com.mx\/Portal\/wp-json\/wp\/v2\/posts\/227610\/revisions"}],"predecessor-version":[{"id":227612,"href":"https:\/\/rnoticias.com.mx\/Portal\/wp-json\/wp\/v2\/posts\/227610\/revisions\/227612"}],"wp:featuredmedia":[{"embeddable":true,"href":"https:\/\/rnoticias.com.mx\/Portal\/wp-json\/wp\/v2\/media\/227611"}],"wp:attachment":[{"href":"https:\/\/rnoticias.com.mx\/Portal\/wp-json\/wp\/v2\/media?parent=227610"}],"wp:term":[{"taxonomy":"category","embeddable":true,"href":"https:\/\/rnoticias.com.mx\/Portal\/wp-json\/wp\/v2\/categories?post=227610"},{"taxonomy":"post_tag","embeddable":true,"href":"https:\/\/rnoticias.com.mx\/Portal\/wp-json\/wp\/v2\/tags?post=227610"}],"curies":[{"name":"wp","href":"https:\/\/api.w.org\/{rel}","templated":true}]}}