{"id":227604,"date":"2025-08-25T17:50:21","date_gmt":"2025-08-26T00:50:21","guid":{"rendered":"https:\/\/rnoticias.com.mx\/Portal\/?p=227604"},"modified":"2025-08-25T17:50:21","modified_gmt":"2025-08-26T00:50:21","slug":"claudia-sheinbaum-recibira-en-septiembre-a-marco-rubio-firmarian-acuerdo-de-seguridad-bilateral","status":"publish","type":"post","link":"https:\/\/rnoticias.com.mx\/Portal\/2025\/08\/25\/claudia-sheinbaum-recibira-en-septiembre-a-marco-rubio-firmarian-acuerdo-de-seguridad-bilateral\/","title":{"rendered":"Claudia Sheinbaum recibir\u00e1 en septiembre a Marco Rubio; firmar\u00edan acuerdo de seguridad bilateral"},"content":{"rendered":"<p>La presidenta\u00a0<strong>Claudia Sheinbaum<\/strong>\u00a0anunci\u00f3 este lunes la probable visita a M\u00e9xico del\u00a0<strong>secretario de Estado de Estados Unidos<\/strong>, Marco Rubio, en la primera semana de septiembre; mientras que esta semana se reunir\u00e1 con varios ministros y empresarios brasile\u00f1os.<\/p>\n<p>Sheinbaum puntualiz\u00f3 en la pr\u00f3xima reuni\u00f3n con Rubio firmar\u00edan el\u00a0<strong>acuerdo de seguridad bilateral<\/strong>\u00a0que est\u00e1 pendiente. \u201cMuy probablemente venga de esta, no esta semana, sino la primera de septiembre. Es probable\u201d, se\u00f1al\u00f3.<\/p>\n<p>Se trata de una visita esperada desde junio, cuando el subsecretario de Estado de Estados Unidos, Christopher Landau, se reuni\u00f3 con Sheinbaum, como antesala a un encuentro con Rubio, en medio de las tensiones entre los pa\u00edses por la seguridad, la migraci\u00f3n y el comercio.<\/p>\n<p>Por otro lado, Sheinbaum detall\u00f3 que este martes llegan a\u00a0<strong>M\u00e9xico<\/strong>\u00a0los\u00a0<strong>ministros brasile\u00f1os<\/strong>\u00a0de Comercio, Hacienda, Relaciones Exteriores, Agricultura, Planificaci\u00f3n y Presupuesto, adem\u00e1s de una delegaci\u00f3n de 150 empresarios que van a tener su contraparte en M\u00e9xico.<\/p>\n<p>&nbsp;<\/p>\n<p>Fuente: EFE<\/p>\n","protected":false},"excerpt":{"rendered":"<p>La presidenta\u00a0Claudia Sheinbaum\u00a0anunci\u00f3 este lunes la probable visita a M\u00e9xico del\u00a0secretario de Estado de Estados Unidos, Marco Rubio, en la primera semana de septiembre; mientras que esta semana se reunir\u00e1 con varios ministros y empresarios brasile\u00f1os. Sheinbaum puntualiz\u00f3 en la pr\u00f3xima reuni\u00f3n con Rubio firmar\u00edan el\u00a0acuerdo de seguridad bilateral\u00a0que est\u00e1 pendiente. \u201cMuy probablemente venga de [&hellip;]<\/p>\n","protected":false},"author":2,"featured_media":227605,"comment_status":"closed","ping_status":"closed","sticky":false,"template":"","format":"standard","meta":{"footnotes":""},"categories":[12870,12868],"tags":[12865,12879],"class_list":["post-227604","post","type-post","status-publish","format-standard","has-post-thumbnail","hentry","category-destacadas","category-politica","tag-destacadas","tag-politica"],"jetpack_featured_media_url":"https:\/\/rnoticias.com.mx\/Portal\/wp-content\/uploads\/2025\/08\/split-rubio-sheinbaum-copy.jpg","amp_enabled":true,"_links":{"self":[{"href":"https:\/\/rnoticias.com.mx\/Portal\/wp-json\/wp\/v2\/posts\/227604","targetHints":{"allow":["GET"]}}],"collection":[{"href":"https:\/\/rnoticias.com.mx\/Portal\/wp-json\/wp\/v2\/posts"}],"about":[{"href":"https:\/\/rnoticias.com.mx\/Portal\/wp-json\/wp\/v2\/types\/post"}],"author":[{"embeddable":true,"href":"https:\/\/rnoticias.com.mx\/Portal\/wp-json\/wp\/v2\/users\/2"}],"replies":[{"embeddable":true,"href":"https:\/\/rnoticias.com.mx\/Portal\/wp-json\/wp\/v2\/comments?post=227604"}],"version-history":[{"count":1,"href":"https:\/\/rnoticias.com.mx\/Portal\/wp-json\/wp\/v2\/posts\/227604\/revisions"}],"predecessor-version":[{"id":227606,"href":"https:\/\/rnoticias.com.mx\/Portal\/wp-json\/wp\/v2\/posts\/227604\/revisions\/227606"}],"wp:featuredmedia":[{"embeddable":true,"href":"https:\/\/rnoticias.com.mx\/Portal\/wp-json\/wp\/v2\/media\/227605"}],"wp:attachment":[{"href":"https:\/\/rnoticias.com.mx\/Portal\/wp-json\/wp\/v2\/media?parent=227604"}],"wp:term":[{"taxonomy":"category","embeddable":true,"href":"https:\/\/rnoticias.com.mx\/Portal\/wp-json\/wp\/v2\/categories?post=227604"},{"taxonomy":"post_tag","embeddable":true,"href":"https:\/\/rnoticias.com.mx\/Portal\/wp-json\/wp\/v2\/tags?post=227604"}],"curies":[{"name":"wp","href":"https:\/\/api.w.org\/{rel}","templated":true}]}}