{"id":227601,"date":"2025-08-25T17:47:10","date_gmt":"2025-08-26T00:47:10","guid":{"rendered":"https:\/\/rnoticias.com.mx\/Portal\/?p=227601"},"modified":"2025-08-25T17:47:10","modified_gmt":"2025-08-26T00:47:10","slug":"capacita-gobierno-de-sonora-a-docentes-que-brindaran-el-servicio-educativo-a-estudiantes-migrantes-sec","status":"publish","type":"post","link":"https:\/\/rnoticias.com.mx\/Portal\/2025\/08\/25\/capacita-gobierno-de-sonora-a-docentes-que-brindaran-el-servicio-educativo-a-estudiantes-migrantes-sec\/","title":{"rendered":"Capacita Gobierno de Sonora a docentes que brindar\u00e1n el servicio educativo a estudiantes migrantes: SEC"},"content":{"rendered":"<p align=\"left\">Hermosillo, Sonora; 25 de agosto de 2025.- Como parte del compromiso del gobernador Alfonso Durazo de consolidar un sistema educativo donde nadie se quede atr\u00e1s, la Secretar\u00eda de Educaci\u00f3n y Cultura (SEC) organiz\u00f3 el Primer Encuentro Estatal con la Estructura Educativa Migrante.<\/p>\n<p align=\"left\">\n<p align=\"left\">En el marco de las actividades del Consejo T\u00e9cnico Escolar, en su fase intensiva, maestras y maestros que forman parte del Servicio de Atenci\u00f3n Educativa de la Poblaci\u00f3n Escolar Migrante (Saepem) se preparan con entrega para hacer de cada aula un espacio de esperanza e inclusi\u00f3n para miles de estudiantes que viven entre fronteras.<\/p>\n<p align=\"left\">\n<p align=\"left\">El titular de la SEC, Froyl\u00e1n G\u00e1mez Gamboa, reconoci\u00f3 la valiosa labor que desempe\u00f1an los docentes para garantizar la atenci\u00f3n educativa b\u00e1sica a ni\u00f1os, ni\u00f1as y adolescentes, hijos de familias migrantes, facilitando el acceso y la permanencia en el sistema escolar, eliminando barreras y ofreciendo un modelo acad\u00e9mico pertinente a su contexto de vida, con un enfoque intercultural.<\/p>\n<p align=\"left\">\n<p align=\"left\">Durante el ciclo escolar anterior se atendi\u00f3 a mil 422 alumnos de preescolar, primaria y secundaria en cuatro regiones agr\u00edcolas de los municipios de Hermosillo, Guaymas y Caborca.<\/p>\n<p align=\"left\">\n<p align=\"left\">Como parte de las actividades del encuentro, las y los participantes intercambiar\u00e1n experiencias culturales y estrategias pedag\u00f3gicas, normativas, inclusivas y de organizaci\u00f3n que impulsen entornos equitativos en beneficio de la poblaci\u00f3n escolar.<\/p>\n","protected":false},"excerpt":{"rendered":"<p>Hermosillo, Sonora; 25 de agosto de 2025.- Como parte del compromiso del gobernador Alfonso Durazo de consolidar un sistema educativo donde nadie se quede atr\u00e1s, la Secretar\u00eda de Educaci\u00f3n y Cultura (SEC) organiz\u00f3 el Primer Encuentro Estatal con la Estructura Educativa Migrante. En el marco de las actividades del Consejo T\u00e9cnico Escolar, en su fase [&hellip;]<\/p>\n","protected":false},"author":2,"featured_media":227602,"comment_status":"closed","ping_status":"closed","sticky":false,"template":"","format":"standard","meta":{"footnotes":""},"categories":[12870,178],"tags":[12865,12869],"class_list":["post-227601","post","type-post","status-publish","format-standard","has-post-thumbnail","hentry","category-destacadas","category-local","tag-destacadas","tag-local"],"jetpack_featured_media_url":"https:\/\/rnoticias.com.mx\/Portal\/wp-content\/uploads\/2025\/08\/unnamed-2-14.jpg","amp_enabled":true,"_links":{"self":[{"href":"https:\/\/rnoticias.com.mx\/Portal\/wp-json\/wp\/v2\/posts\/227601","targetHints":{"allow":["GET"]}}],"collection":[{"href":"https:\/\/rnoticias.com.mx\/Portal\/wp-json\/wp\/v2\/posts"}],"about":[{"href":"https:\/\/rnoticias.com.mx\/Portal\/wp-json\/wp\/v2\/types\/post"}],"author":[{"embeddable":true,"href":"https:\/\/rnoticias.com.mx\/Portal\/wp-json\/wp\/v2\/users\/2"}],"replies":[{"embeddable":true,"href":"https:\/\/rnoticias.com.mx\/Portal\/wp-json\/wp\/v2\/comments?post=227601"}],"version-history":[{"count":1,"href":"https:\/\/rnoticias.com.mx\/Portal\/wp-json\/wp\/v2\/posts\/227601\/revisions"}],"predecessor-version":[{"id":227603,"href":"https:\/\/rnoticias.com.mx\/Portal\/wp-json\/wp\/v2\/posts\/227601\/revisions\/227603"}],"wp:featuredmedia":[{"embeddable":true,"href":"https:\/\/rnoticias.com.mx\/Portal\/wp-json\/wp\/v2\/media\/227602"}],"wp:attachment":[{"href":"https:\/\/rnoticias.com.mx\/Portal\/wp-json\/wp\/v2\/media?parent=227601"}],"wp:term":[{"taxonomy":"category","embeddable":true,"href":"https:\/\/rnoticias.com.mx\/Portal\/wp-json\/wp\/v2\/categories?post=227601"},{"taxonomy":"post_tag","embeddable":true,"href":"https:\/\/rnoticias.com.mx\/Portal\/wp-json\/wp\/v2\/tags?post=227601"}],"curies":[{"name":"wp","href":"https:\/\/api.w.org\/{rel}","templated":true}]}}