{"id":227598,"date":"2025-08-25T17:46:17","date_gmt":"2025-08-26T00:46:17","guid":{"rendered":"https:\/\/rnoticias.com.mx\/Portal\/?p=227598"},"modified":"2025-08-25T17:46:17","modified_gmt":"2025-08-26T00:46:17","slug":"supervisa-gobierno-de-sonora-inicio-de-clases-en-planteles-de-nivel-medio-superior","status":"publish","type":"post","link":"https:\/\/rnoticias.com.mx\/Portal\/2025\/08\/25\/supervisa-gobierno-de-sonora-inicio-de-clases-en-planteles-de-nivel-medio-superior\/","title":{"rendered":"Supervisa Gobierno de Sonora inicio de clases en planteles de nivel medio superior"},"content":{"rendered":"<p align=\"left\">Hermosillo, Sonora; 25 de agosto de 2025.- Con el compromiso de seguir generando oportunidades de desarrollo acad\u00e9mico en los j\u00f3venes sonorenses, el Gobierno de Sonora supervis\u00f3 el inicio ordenado y exitoso del ciclo escolar 2025-2026 en los planteles del Colegio de Estudios Cient\u00edficos y Tecnol\u00f3gicos del Estado de Sonora (Cecyte) y del Colegio de Educaci\u00f3n Profesional T\u00e9cnica del Estado de Sonora (Conalep).<\/p>\n<p align=\"left\">\n<p align=\"left\">Este lunes 25 de agosto regresaron a las aulas de Cecyte m\u00e1s de 25 mil estudiantes de todos los semestres, de los cuales 10 mil son de primer ingreso, en los 51 planteles y 34 telebachilleratos distribuidos en todo el estado.<\/p>\n<p align=\"left\">\n<p align=\"left\">Por otra parte, en los 14 planteles y en la extensi\u00f3n Cananea de Conalep iniciaron actividades m\u00e1s de 15 mil j\u00f3venes, cinco mil 520 de primer ingreso, quienes recibir\u00e1n los aprendizajes y oportunidades necesarios para crecer y alcanzar el \u00e9xito profesional.<\/p>\n<p align=\"left\">\n<p align=\"left\">La directora general de Cecyte Sonora, Blanca Aurelia Valenzuela, dio la bienvenida al alumnado y agradeci\u00f3 a todo el personal docente, administrativo y de servicios por el trabajo en equipo, invitando a los estudiantes a disfrutar una de las mejores etapas de sus vidas, record\u00e1ndoles que no est\u00e1n solos, ya que cuentan con el respaldo del programa CecyteContiGo.<\/p>\n<p align=\"left\">\n<p align=\"left\">En su mensaje a la comunidad escolar, la directora general de Conalep Sonora, Luisa Cristina Rodr\u00edguez Ibarra, refrend\u00f3 el compromiso del subsistema de formar ciudadanos y ciudadanas con principios, dignidad y amor a su comunidad, capaces de ejercer con profesionalismo una profesi\u00f3n, as\u00ed como de ser parte activa de Sonora y de M\u00e9xico.<\/p>\n","protected":false},"excerpt":{"rendered":"<p>Hermosillo, Sonora; 25 de agosto de 2025.- Con el compromiso de seguir generando oportunidades de desarrollo acad\u00e9mico en los j\u00f3venes sonorenses, el Gobierno de Sonora supervis\u00f3 el inicio ordenado y exitoso del ciclo escolar 2025-2026 en los planteles del Colegio de Estudios Cient\u00edficos y Tecnol\u00f3gicos del Estado de Sonora (Cecyte) y del Colegio de Educaci\u00f3n [&hellip;]<\/p>\n","protected":false},"author":2,"featured_media":227599,"comment_status":"closed","ping_status":"closed","sticky":false,"template":"","format":"standard","meta":{"footnotes":""},"categories":[12870,178],"tags":[12865,12869],"class_list":["post-227598","post","type-post","status-publish","format-standard","has-post-thumbnail","hentry","category-destacadas","category-local","tag-destacadas","tag-local"],"jetpack_featured_media_url":"https:\/\/rnoticias.com.mx\/Portal\/wp-content\/uploads\/2025\/08\/unnamed-80.jpg","amp_enabled":true,"_links":{"self":[{"href":"https:\/\/rnoticias.com.mx\/Portal\/wp-json\/wp\/v2\/posts\/227598","targetHints":{"allow":["GET"]}}],"collection":[{"href":"https:\/\/rnoticias.com.mx\/Portal\/wp-json\/wp\/v2\/posts"}],"about":[{"href":"https:\/\/rnoticias.com.mx\/Portal\/wp-json\/wp\/v2\/types\/post"}],"author":[{"embeddable":true,"href":"https:\/\/rnoticias.com.mx\/Portal\/wp-json\/wp\/v2\/users\/2"}],"replies":[{"embeddable":true,"href":"https:\/\/rnoticias.com.mx\/Portal\/wp-json\/wp\/v2\/comments?post=227598"}],"version-history":[{"count":1,"href":"https:\/\/rnoticias.com.mx\/Portal\/wp-json\/wp\/v2\/posts\/227598\/revisions"}],"predecessor-version":[{"id":227600,"href":"https:\/\/rnoticias.com.mx\/Portal\/wp-json\/wp\/v2\/posts\/227598\/revisions\/227600"}],"wp:featuredmedia":[{"embeddable":true,"href":"https:\/\/rnoticias.com.mx\/Portal\/wp-json\/wp\/v2\/media\/227599"}],"wp:attachment":[{"href":"https:\/\/rnoticias.com.mx\/Portal\/wp-json\/wp\/v2\/media?parent=227598"}],"wp:term":[{"taxonomy":"category","embeddable":true,"href":"https:\/\/rnoticias.com.mx\/Portal\/wp-json\/wp\/v2\/categories?post=227598"},{"taxonomy":"post_tag","embeddable":true,"href":"https:\/\/rnoticias.com.mx\/Portal\/wp-json\/wp\/v2\/tags?post=227598"}],"curies":[{"name":"wp","href":"https:\/\/api.w.org\/{rel}","templated":true}]}}