{"id":227586,"date":"2025-08-25T17:09:09","date_gmt":"2025-08-26T00:09:09","guid":{"rendered":"https:\/\/rnoticias.com.mx\/Portal\/?p=227586"},"modified":"2025-08-25T17:09:09","modified_gmt":"2025-08-26T00:09:09","slug":"mis-hijos-son-mi-motor-madre-lucha-con-rifa-para-pagar-aparato-respiratorio","status":"publish","type":"post","link":"https:\/\/rnoticias.com.mx\/Portal\/2025\/08\/25\/mis-hijos-son-mi-motor-madre-lucha-con-rifa-para-pagar-aparato-respiratorio\/","title":{"rendered":"\u201cMis hijos son mi motor\u201d: madre lucha con rifa para pagar aparato respiratorio"},"content":{"rendered":"<p>Con cansancio en el cuerpo, pero fuerza en el coraz\u00f3n, Rosa Karmina Uruchurtu Ruiz organiza una rifa para pagar el aparato B-PAP que su hijo Francisco Esteban, de 20 a\u00f1os, necesita para poder respirar y dormir mejor.<\/p>\n<p>&nbsp;<\/p>\n<p>Francisco vive con distrofia muscular de Duchenne, diabetes y escoliosis. Su madre lo conecta cada noche al equipo, pero a\u00fan falta cubrir el costo.<\/p>\n<p>&nbsp;<\/p>\n<p>\u201cEs muy dif\u00edcil, la distrofia que ellos tienen afecta su calidad de vida y tengo que estar al pendiente las 24 horas. Por los hijos se hace de todo, no importa mi cansancio, son mi motor, mi fuerza\u201d, expres\u00f3.<\/p>\n<p>&nbsp;<\/p>\n<p>La rifa incluye 100 boletos de 100 pesos; todav\u00eda quedan 50 por vender. Los premios: una licuadora, un abanico de pedestal y una vajilla de 16 piezas, le fueron donados por personas solidarias.<\/p>\n<p>&nbsp;<\/p>\n<p>Rosa Karmina tambi\u00e9n busca reunir recursos para trasladarse a Chihuahua, donde Francisco y su hermano Jes\u00fas Santiago, de 26 a\u00f1os, ambos con distrofia de Duchenne, ser\u00e1n atendidos en una fundaci\u00f3n especializada.<\/p>\n<p>&nbsp;<\/p>\n<p>\u201cQuiero pedir el apoyo a la sociedad y nos puedan ayudar para que mis hijos no pierdan la cita\u201d, clam\u00f3.<\/p>\n<p>&nbsp;<\/p>\n<p>Las personas interesadas pueden comunicarse al 662 399 8905, hacer dep\u00f3sitos a la tarjeta Banorte 4189 1430 5633 2102 o si gustan pueden donares despensas, pa\u00f1ales y ropa para venta en tianguis.<\/p>\n<p>&nbsp;<\/p>\n","protected":false},"excerpt":{"rendered":"<p>Con cansancio en el cuerpo, pero fuerza en el coraz\u00f3n, Rosa Karmina Uruchurtu Ruiz organiza una rifa para pagar el aparato B-PAP que su hijo Francisco Esteban, de 20 a\u00f1os, necesita para poder respirar y dormir mejor. &nbsp; Francisco vive con distrofia muscular de Duchenne, diabetes y escoliosis. Su madre lo conecta cada noche al [&hellip;]<\/p>\n","protected":false},"author":2,"featured_media":227587,"comment_status":"closed","ping_status":"closed","sticky":false,"template":"","format":"standard","meta":{"footnotes":""},"categories":[12870,178],"tags":[12865,12869],"class_list":["post-227586","post","type-post","status-publish","format-standard","has-post-thumbnail","hentry","category-destacadas","category-local","tag-destacadas","tag-local"],"jetpack_featured_media_url":"https:\/\/rnoticias.com.mx\/Portal\/wp-content\/uploads\/2025\/08\/415fdd9d-25dd-4205-affe-f783a9d4c63c.jpg","amp_enabled":true,"_links":{"self":[{"href":"https:\/\/rnoticias.com.mx\/Portal\/wp-json\/wp\/v2\/posts\/227586","targetHints":{"allow":["GET"]}}],"collection":[{"href":"https:\/\/rnoticias.com.mx\/Portal\/wp-json\/wp\/v2\/posts"}],"about":[{"href":"https:\/\/rnoticias.com.mx\/Portal\/wp-json\/wp\/v2\/types\/post"}],"author":[{"embeddable":true,"href":"https:\/\/rnoticias.com.mx\/Portal\/wp-json\/wp\/v2\/users\/2"}],"replies":[{"embeddable":true,"href":"https:\/\/rnoticias.com.mx\/Portal\/wp-json\/wp\/v2\/comments?post=227586"}],"version-history":[{"count":1,"href":"https:\/\/rnoticias.com.mx\/Portal\/wp-json\/wp\/v2\/posts\/227586\/revisions"}],"predecessor-version":[{"id":227588,"href":"https:\/\/rnoticias.com.mx\/Portal\/wp-json\/wp\/v2\/posts\/227586\/revisions\/227588"}],"wp:featuredmedia":[{"embeddable":true,"href":"https:\/\/rnoticias.com.mx\/Portal\/wp-json\/wp\/v2\/media\/227587"}],"wp:attachment":[{"href":"https:\/\/rnoticias.com.mx\/Portal\/wp-json\/wp\/v2\/media?parent=227586"}],"wp:term":[{"taxonomy":"category","embeddable":true,"href":"https:\/\/rnoticias.com.mx\/Portal\/wp-json\/wp\/v2\/categories?post=227586"},{"taxonomy":"post_tag","embeddable":true,"href":"https:\/\/rnoticias.com.mx\/Portal\/wp-json\/wp\/v2\/tags?post=227586"}],"curies":[{"name":"wp","href":"https:\/\/api.w.org\/{rel}","templated":true}]}}