{"id":227582,"date":"2025-08-25T12:55:18","date_gmt":"2025-08-25T19:55:18","guid":{"rendered":"https:\/\/rnoticias.com.mx\/Portal\/?p=227582"},"modified":"2025-08-25T12:55:18","modified_gmt":"2025-08-25T19:55:18","slug":"gobernador-durazo-y-presidenta-sheinbaum-respaldan-al-campo-sonorense-con-mas-de-300-millones-en-apoyos-por-sequia","status":"publish","type":"post","link":"https:\/\/rnoticias.com.mx\/Portal\/2025\/08\/25\/gobernador-durazo-y-presidenta-sheinbaum-respaldan-al-campo-sonorense-con-mas-de-300-millones-en-apoyos-por-sequia\/","title":{"rendered":"Gobernador Durazo y Presidenta Sheinbaum respaldan al campo sonorense con m\u00e1s de 300 millones en apoyos por sequ\u00eda"},"content":{"rendered":"<p align=\"left\">Hermosillo, Sonora: 23 de agosto de 2025.- Con un recurso superior a los 300 millones de pesos, conjuntamente, el gobernador Alfonso Durazo Monta\u00f1o y la presidenta Claudia Sheinbaum Pardo han respaldado a las y los productores sonorenses para hacer frente a la situaci\u00f3n de la sequ\u00eda por la que atraviesa la entidad, as\u00ed como para llevar a cabo procesos de rastreo fitosanitario.<\/p>\n<p align=\"left\">El gobernador Durazo anunci\u00f3 que se publicaron en la p\u00e1gina de la Secretar\u00eda de Agricultura y Desarrollo Rural (SADER) las reglas de operaci\u00f3n del Programa de Apoyo por la Sequ\u00eda para las y los productores que participaron en la reconversi\u00f3n de cultivos de c\u00e1rtamo y cebada, por lo que hizo un llamado a cumplir con los requisitos para acceder a este respaldo extraordinario.<\/p>\n<p align=\"left\">A\u00f1adi\u00f3 que, por parte del Gobierno de M\u00e9xico se destinaron m\u00e1s de 230 millones de pesos para productoras y productores de la entidad, en uno de los ciclos m\u00e1s complicados que se ha vivido en el estado por la escasez de agua.<\/p>\n<p align=\"left\">\u201cTengan la certeza de que vamos a seguir respondiendo con hechos, porque el campo es la fuerza de Sonora, y siempre contar\u00e1 con nuestro respaldo\u201d, indic\u00f3.<\/p>\n<p align=\"left\">Desde el Gobierno de Sonora ya se realiz\u00f3 la entrega del apoyo para el proceso de rastreo fitosanitario y se cumpli\u00f3 con el pago del c\u00e1rtamo, adem\u00e1s de que se est\u00e1n dispersando 35 millones de pesos para compensar el precio del trigo cristalino.<\/p>\n<p align=\"left\">El titular del Ejecutivo Estatal mencion\u00f3 que en total se han invertido m\u00e1s de 120 millones de pesos en apoyo directo al campo para afrontar la situaci\u00f3n de la sequ\u00eda.<\/p>\n","protected":false},"excerpt":{"rendered":"<p>Hermosillo, Sonora: 23 de agosto de 2025.- Con un recurso superior a los 300 millones de pesos, conjuntamente, el gobernador Alfonso Durazo Monta\u00f1o y la presidenta Claudia Sheinbaum Pardo han respaldado a las y los productores sonorenses para hacer frente a la situaci\u00f3n de la sequ\u00eda por la que atraviesa la entidad, as\u00ed como para [&hellip;]<\/p>\n","protected":false},"author":2,"featured_media":227583,"comment_status":"closed","ping_status":"closed","sticky":false,"template":"","format":"standard","meta":{"footnotes":""},"categories":[12870,178],"tags":[12865,12869],"class_list":["post-227582","post","type-post","status-publish","format-standard","has-post-thumbnail","hentry","category-destacadas","category-local","tag-destacadas","tag-local"],"jetpack_featured_media_url":"https:\/\/rnoticias.com.mx\/Portal\/wp-content\/uploads\/2025\/08\/unnamed-79.jpg","amp_enabled":true,"_links":{"self":[{"href":"https:\/\/rnoticias.com.mx\/Portal\/wp-json\/wp\/v2\/posts\/227582","targetHints":{"allow":["GET"]}}],"collection":[{"href":"https:\/\/rnoticias.com.mx\/Portal\/wp-json\/wp\/v2\/posts"}],"about":[{"href":"https:\/\/rnoticias.com.mx\/Portal\/wp-json\/wp\/v2\/types\/post"}],"author":[{"embeddable":true,"href":"https:\/\/rnoticias.com.mx\/Portal\/wp-json\/wp\/v2\/users\/2"}],"replies":[{"embeddable":true,"href":"https:\/\/rnoticias.com.mx\/Portal\/wp-json\/wp\/v2\/comments?post=227582"}],"version-history":[{"count":1,"href":"https:\/\/rnoticias.com.mx\/Portal\/wp-json\/wp\/v2\/posts\/227582\/revisions"}],"predecessor-version":[{"id":227584,"href":"https:\/\/rnoticias.com.mx\/Portal\/wp-json\/wp\/v2\/posts\/227582\/revisions\/227584"}],"wp:featuredmedia":[{"embeddable":true,"href":"https:\/\/rnoticias.com.mx\/Portal\/wp-json\/wp\/v2\/media\/227583"}],"wp:attachment":[{"href":"https:\/\/rnoticias.com.mx\/Portal\/wp-json\/wp\/v2\/media?parent=227582"}],"wp:term":[{"taxonomy":"category","embeddable":true,"href":"https:\/\/rnoticias.com.mx\/Portal\/wp-json\/wp\/v2\/categories?post=227582"},{"taxonomy":"post_tag","embeddable":true,"href":"https:\/\/rnoticias.com.mx\/Portal\/wp-json\/wp\/v2\/tags?post=227582"}],"curies":[{"name":"wp","href":"https:\/\/api.w.org\/{rel}","templated":true}]}}