{"id":227579,"date":"2025-08-25T12:54:23","date_gmt":"2025-08-25T19:54:23","guid":{"rendered":"https:\/\/rnoticias.com.mx\/Portal\/?p=227579"},"modified":"2025-08-25T12:54:23","modified_gmt":"2025-08-25T19:54:23","slug":"el-mayo-zambada-se-declara-culpable-de-dos-cargos-por-crimen-organizado","status":"publish","type":"post","link":"https:\/\/rnoticias.com.mx\/Portal\/2025\/08\/25\/el-mayo-zambada-se-declara-culpable-de-dos-cargos-por-crimen-organizado\/","title":{"rendered":"\u2018El Mayo\u2019 Zambada se declara culpable de dos cargos por crimen organizado"},"content":{"rendered":"<p><strong>Ismael<\/strong>\u00a0\u2018<strong>El Mayo<\/strong>\u2019\u00a0<strong>Zambada<\/strong>\u00a0se declar\u00f3\u00a0<strong>culpable<\/strong>\u00a0de dos cargos por crimen organizado, ante el juez Brian Cogan, de la Corte de Distrito para el Este de\u00a0<strong>Nueva York<\/strong>, en Estados Unidos.<\/p>\n<p>Zambada formaliz\u00f3 un acuerdo que negoci\u00f3 con la fiscal\u00eda para evitar ir a juicio, ganar alg\u00fan beneficio procesal y abrir la oportunidad para convertirse en\u00a0<strong>testigo protegido<\/strong>\u00a0de Estados Unidos. Adem\u00e1s, se comprometi\u00f3 a pagar 15 mil millones de d\u00f3lares.<\/p>\n<p>Zambada enfrentaba\u00a0<strong>17 cargos<\/strong>\u00a0por el caso criminal en Nueva York y se le agregaron otros 7 cargos que ten\u00eda pendientes en El Paso, Texas, como parte de su negociaci\u00f3n de culpabilidad.<\/p>\n<p>Al declarse culpable, &#8220;El Mayo&#8221; admiti\u00f3 haber pagado sobornos a pol\u00edticos y militares mexicanos.<\/p>\n<p>Al terminar la audiencia de \u2018El Mayo\u2019, la fiscal de Estados Unidos, Pam Bondi, ofrecer\u00e1 una rueda de prensa, en la cual se dar\u00e1 a conocer los detalles del pacto entre el capo y las autoridades estadounidenses.<\/p>\n<p>&nbsp;<\/p>\n<p>Fuente: Milenio<\/p>\n","protected":false},"excerpt":{"rendered":"<p>Ismael\u00a0\u2018El Mayo\u2019\u00a0Zambada\u00a0se declar\u00f3\u00a0culpable\u00a0de dos cargos por crimen organizado, ante el juez Brian Cogan, de la Corte de Distrito para el Este de\u00a0Nueva York, en Estados Unidos. Zambada formaliz\u00f3 un acuerdo que negoci\u00f3 con la fiscal\u00eda para evitar ir a juicio, ganar alg\u00fan beneficio procesal y abrir la oportunidad para convertirse en\u00a0testigo protegido\u00a0de Estados Unidos. Adem\u00e1s, [&hellip;]<\/p>\n","protected":false},"author":2,"featured_media":227580,"comment_status":"closed","ping_status":"closed","sticky":false,"template":"","format":"standard","meta":{"footnotes":""},"categories":[12870,182],"tags":[12865,12871],"class_list":["post-227579","post","type-post","status-publish","format-standard","has-post-thumbnail","hentry","category-destacadas","category-internacional","tag-destacadas","tag-internacional"],"jetpack_featured_media_url":"https:\/\/rnoticias.com.mx\/Portal\/wp-content\/uploads\/2025\/08\/mayo-zambada-declara-culpable.JPG.jpg","amp_enabled":true,"_links":{"self":[{"href":"https:\/\/rnoticias.com.mx\/Portal\/wp-json\/wp\/v2\/posts\/227579","targetHints":{"allow":["GET"]}}],"collection":[{"href":"https:\/\/rnoticias.com.mx\/Portal\/wp-json\/wp\/v2\/posts"}],"about":[{"href":"https:\/\/rnoticias.com.mx\/Portal\/wp-json\/wp\/v2\/types\/post"}],"author":[{"embeddable":true,"href":"https:\/\/rnoticias.com.mx\/Portal\/wp-json\/wp\/v2\/users\/2"}],"replies":[{"embeddable":true,"href":"https:\/\/rnoticias.com.mx\/Portal\/wp-json\/wp\/v2\/comments?post=227579"}],"version-history":[{"count":1,"href":"https:\/\/rnoticias.com.mx\/Portal\/wp-json\/wp\/v2\/posts\/227579\/revisions"}],"predecessor-version":[{"id":227581,"href":"https:\/\/rnoticias.com.mx\/Portal\/wp-json\/wp\/v2\/posts\/227579\/revisions\/227581"}],"wp:featuredmedia":[{"embeddable":true,"href":"https:\/\/rnoticias.com.mx\/Portal\/wp-json\/wp\/v2\/media\/227580"}],"wp:attachment":[{"href":"https:\/\/rnoticias.com.mx\/Portal\/wp-json\/wp\/v2\/media?parent=227579"}],"wp:term":[{"taxonomy":"category","embeddable":true,"href":"https:\/\/rnoticias.com.mx\/Portal\/wp-json\/wp\/v2\/categories?post=227579"},{"taxonomy":"post_tag","embeddable":true,"href":"https:\/\/rnoticias.com.mx\/Portal\/wp-json\/wp\/v2\/tags?post=227579"}],"curies":[{"name":"wp","href":"https:\/\/api.w.org\/{rel}","templated":true}]}}