{"id":227576,"date":"2025-08-25T12:22:11","date_gmt":"2025-08-25T19:22:11","guid":{"rendered":"https:\/\/rnoticias.com.mx\/Portal\/?p=227576"},"modified":"2025-08-25T12:22:11","modified_gmt":"2025-08-25T19:22:11","slug":"pone-policia-preventiva-a-salvo-a-hombre-durante-incendio-de-su-vivienda","status":"publish","type":"post","link":"https:\/\/rnoticias.com.mx\/Portal\/2025\/08\/25\/pone-policia-preventiva-a-salvo-a-hombre-durante-incendio-de-su-vivienda\/","title":{"rendered":"Pone Polic\u00eda Preventiva a salvo a hombre durante incendio de su vivienda"},"content":{"rendered":"<div dir=\"auto\"><b>Hermosillo, Sonora a 25 de agosto del 2025.-\u00a0<\/b>Los oficiales\u00a0Aviles Murrieta,\u00a0Melendrez Moreno ,\u00a0Avenda\u00f1o D\u00edaz<\/div>\n<div dir=\"auto\">y Ordu\u00f1o Paredes, rescataron a un vecino de la colonia Los Arroyos al incendiarse su domicilio.<\/div>\n<div dir=\"auto\"><\/div>\n<div dir=\"auto\">Los abordantes de las patrullas el\u00e9ctricas<\/div>\n<div dir=\"auto\">E-145 y E-270, entraron hasta una de las habitaciones de la casa ubicada en las calles<\/div>\n<div dir=\"auto\">Arroyo los Cuates y Arroyo los Batochis , para ponerlo a salvo.<\/div>\n<div dir=\"auto\"><\/div>\n<div dir=\"auto\">Eran las \u00a005:20 horas de hoy, cuando el joven de 27 a\u00f1os de edad fue encontrado inconsciente, por lo que de inmediato lo auxiliaron y lo trasladaron al Hospital General para su atenci\u00f3n m\u00e9dica.<\/div>\n<div dir=\"auto\"><\/div>\n<div dir=\"auto\">Personal de bomberos sofoc\u00f3 el fuego informando que se origin\u00f3 al parecer con una veladora con la que se iluminaba la casa.<\/div>\n","protected":false},"excerpt":{"rendered":"<p>Hermosillo, Sonora a 25 de agosto del 2025.-\u00a0Los oficiales\u00a0Aviles Murrieta,\u00a0Melendrez Moreno ,\u00a0Avenda\u00f1o D\u00edaz y Ordu\u00f1o Paredes, rescataron a un vecino de la colonia Los Arroyos al incendiarse su domicilio. Los abordantes de las patrullas el\u00e9ctricas E-145 y E-270, entraron hasta una de las habitaciones de la casa ubicada en las calles Arroyo los Cuates y [&hellip;]<\/p>\n","protected":false},"author":2,"featured_media":227577,"comment_status":"closed","ping_status":"closed","sticky":false,"template":"","format":"standard","meta":{"footnotes":""},"categories":[12870,178],"tags":[12865,12869],"class_list":["post-227576","post","type-post","status-publish","format-standard","has-post-thumbnail","hentry","category-destacadas","category-local","tag-destacadas","tag-local"],"jetpack_featured_media_url":"https:\/\/rnoticias.com.mx\/Portal\/wp-content\/uploads\/2025\/08\/f369f1d2-3205-499c-b217-e22641b543ef-690x450-1.jpeg","amp_enabled":true,"_links":{"self":[{"href":"https:\/\/rnoticias.com.mx\/Portal\/wp-json\/wp\/v2\/posts\/227576","targetHints":{"allow":["GET"]}}],"collection":[{"href":"https:\/\/rnoticias.com.mx\/Portal\/wp-json\/wp\/v2\/posts"}],"about":[{"href":"https:\/\/rnoticias.com.mx\/Portal\/wp-json\/wp\/v2\/types\/post"}],"author":[{"embeddable":true,"href":"https:\/\/rnoticias.com.mx\/Portal\/wp-json\/wp\/v2\/users\/2"}],"replies":[{"embeddable":true,"href":"https:\/\/rnoticias.com.mx\/Portal\/wp-json\/wp\/v2\/comments?post=227576"}],"version-history":[{"count":1,"href":"https:\/\/rnoticias.com.mx\/Portal\/wp-json\/wp\/v2\/posts\/227576\/revisions"}],"predecessor-version":[{"id":227578,"href":"https:\/\/rnoticias.com.mx\/Portal\/wp-json\/wp\/v2\/posts\/227576\/revisions\/227578"}],"wp:featuredmedia":[{"embeddable":true,"href":"https:\/\/rnoticias.com.mx\/Portal\/wp-json\/wp\/v2\/media\/227577"}],"wp:attachment":[{"href":"https:\/\/rnoticias.com.mx\/Portal\/wp-json\/wp\/v2\/media?parent=227576"}],"wp:term":[{"taxonomy":"category","embeddable":true,"href":"https:\/\/rnoticias.com.mx\/Portal\/wp-json\/wp\/v2\/categories?post=227576"},{"taxonomy":"post_tag","embeddable":true,"href":"https:\/\/rnoticias.com.mx\/Portal\/wp-json\/wp\/v2\/tags?post=227576"}],"curies":[{"name":"wp","href":"https:\/\/api.w.org\/{rel}","templated":true}]}}