{"id":227573,"date":"2025-08-25T12:21:14","date_gmt":"2025-08-25T19:21:14","guid":{"rendered":"https:\/\/rnoticias.com.mx\/Portal\/?p=227573"},"modified":"2025-08-25T12:21:14","modified_gmt":"2025-08-25T19:21:14","slug":"gobierno-de-sonora-informa-pronostico-de-lluvias-de-moderadas-a-intensas-durante-la-semana","status":"publish","type":"post","link":"https:\/\/rnoticias.com.mx\/Portal\/2025\/08\/25\/gobierno-de-sonora-informa-pronostico-de-lluvias-de-moderadas-a-intensas-durante-la-semana\/","title":{"rendered":"Gobierno de Sonora informa pron\u00f3stico de lluvias de moderadas a intensas durante la semana"},"content":{"rendered":"<p>Hermosillo, Sonora; 25 de agosto de 2025.- El Gobierno de Sonora, a trav\u00e9s de la Coordinaci\u00f3n Estatal de Protecci\u00f3n Civil (CEPC), informa que esta semana continuar\u00e1 el pron\u00f3stico de lluvias en gran parte del territorio estatal.<\/p>\n<p>El monz\u00f3n mexicano, en interacci\u00f3n con una vaguada en altura y una divergencia, ocasionar\u00e1 tormentas el\u00e9ctricas con lluvias de fuertes a muy fuertes (25 a 70 mm), acompa\u00f1adas de rachas de viento superiores a 60 km\/h, principalmente en el sur, centro-oriente y noroeste de la entidad, sobre todo durante las tardes y noches.<\/p>\n<p>El acercamiento de un nuevo sistema tropical en aguas del Oc\u00e9ano Pac\u00edfico provocar\u00e1 desprendimientos nubosos a partir del martes, lo que reforzar\u00e1 la probabilidad de lluvias intensas (superiores a 75 mm) en todo el estado. Se prev\u00e9 que el sistema avance hacia el oeste, alej\u00e1ndose gradualmente de las costas mexicanas.<\/p>\n<p>Armando Casta\u00f1eda S\u00e1nchez, coordinador estatal de Protecci\u00f3n Civil, hizo un llamado a la poblaci\u00f3n a mantener medidas preventivas, tanto por la posibilidad de lluvias y vientos intensos, como por las altas temperaturas.<\/p>\n<p>En el territorio estatal se prev\u00e9 esta semana un ambiente de caluroso a muy caluroso, con temperaturas m\u00e1ximas entre 40 y 45 \u00b0C en el noroeste y centro de Sonora, con sensaciones t\u00e9rmicas que podr\u00edan ser incluso superiores.<\/p>\n<p>Recomendaciones ante lluvias y tormentas:<\/p>\n<p>\u2022 Resguardarse en un lugar seguro durante la presencia de tormentas.<\/p>\n<p>\u2022 Evitar cruzar r\u00edos, arroyos o zonas con encharcamientos.<\/p>\n<p>\u2022 Revisar las condiciones de los desag\u00fces en el hogar.<\/p>\n<p>\u2022 No tirar basura en calles, ya que puede provocar inundaciones al tapar alcantarillas y arroyos.<\/p>\n<p>Recomendaciones ante altas temperaturas:<\/p>\n<p>\u2022 Usar gorra o sombrero.<\/p>\n<p>\u2022 Aplicar bloqueador solar.<\/p>\n<p>\u2022 Evitar la exposici\u00f3n prolongada al sol.<\/p>\n<p>\u2022 Mantenerse bien hidratado durante todo el d\u00eda, tomando agua y evitando bebidas azucaradas.<\/p>\n","protected":false},"excerpt":{"rendered":"<p>Hermosillo, Sonora; 25 de agosto de 2025.- El Gobierno de Sonora, a trav\u00e9s de la Coordinaci\u00f3n Estatal de Protecci\u00f3n Civil (CEPC), informa que esta semana continuar\u00e1 el pron\u00f3stico de lluvias en gran parte del territorio estatal. El monz\u00f3n mexicano, en interacci\u00f3n con una vaguada en altura y una divergencia, ocasionar\u00e1 tormentas el\u00e9ctricas con lluvias de [&hellip;]<\/p>\n","protected":false},"author":2,"featured_media":227574,"comment_status":"closed","ping_status":"closed","sticky":false,"template":"","format":"standard","meta":{"footnotes":""},"categories":[12870,178],"tags":[12865,12869],"class_list":["post-227573","post","type-post","status-publish","format-standard","has-post-thumbnail","hentry","category-destacadas","category-local","tag-destacadas","tag-local"],"jetpack_featured_media_url":"https:\/\/rnoticias.com.mx\/Portal\/wp-content\/uploads\/2025\/08\/unnamed-78.jpg","amp_enabled":true,"_links":{"self":[{"href":"https:\/\/rnoticias.com.mx\/Portal\/wp-json\/wp\/v2\/posts\/227573","targetHints":{"allow":["GET"]}}],"collection":[{"href":"https:\/\/rnoticias.com.mx\/Portal\/wp-json\/wp\/v2\/posts"}],"about":[{"href":"https:\/\/rnoticias.com.mx\/Portal\/wp-json\/wp\/v2\/types\/post"}],"author":[{"embeddable":true,"href":"https:\/\/rnoticias.com.mx\/Portal\/wp-json\/wp\/v2\/users\/2"}],"replies":[{"embeddable":true,"href":"https:\/\/rnoticias.com.mx\/Portal\/wp-json\/wp\/v2\/comments?post=227573"}],"version-history":[{"count":1,"href":"https:\/\/rnoticias.com.mx\/Portal\/wp-json\/wp\/v2\/posts\/227573\/revisions"}],"predecessor-version":[{"id":227575,"href":"https:\/\/rnoticias.com.mx\/Portal\/wp-json\/wp\/v2\/posts\/227573\/revisions\/227575"}],"wp:featuredmedia":[{"embeddable":true,"href":"https:\/\/rnoticias.com.mx\/Portal\/wp-json\/wp\/v2\/media\/227574"}],"wp:attachment":[{"href":"https:\/\/rnoticias.com.mx\/Portal\/wp-json\/wp\/v2\/media?parent=227573"}],"wp:term":[{"taxonomy":"category","embeddable":true,"href":"https:\/\/rnoticias.com.mx\/Portal\/wp-json\/wp\/v2\/categories?post=227573"},{"taxonomy":"post_tag","embeddable":true,"href":"https:\/\/rnoticias.com.mx\/Portal\/wp-json\/wp\/v2\/tags?post=227573"}],"curies":[{"name":"wp","href":"https:\/\/api.w.org\/{rel}","templated":true}]}}