{"id":227556,"date":"2025-08-23T13:58:37","date_gmt":"2025-08-23T20:58:37","guid":{"rendered":"https:\/\/rnoticias.com.mx\/Portal\/?p=227556"},"modified":"2025-08-23T13:58:37","modified_gmt":"2025-08-23T20:58:37","slug":"papa-leon-xiv-ningun-pueblo-ni-el-mas-pequeno-o-debil-puede-ser-obligado-al-exilio-forzoso","status":"publish","type":"post","link":"https:\/\/rnoticias.com.mx\/Portal\/2025\/08\/23\/papa-leon-xiv-ningun-pueblo-ni-el-mas-pequeno-o-debil-puede-ser-obligado-al-exilio-forzoso\/","title":{"rendered":"Papa Le\u00f3n XIV: &#8216;Ning\u00fan pueblo, ni el m\u00e1s peque\u00f1o o d\u00e9bil, puede ser obligado al exilio forzoso&#8217;"},"content":{"rendered":"<p><strong>El papa Le\u00f3n XIV ha reivindicado este domingo que todos los pueblos del mundo, tambi\u00e9n los m\u00e1s peque\u00f1os o d\u00e9biles,\u00a0<\/strong>deben ser respetados y no pueden ser obligados al\u00a0<strong>&#8220;exilio forzoso&#8221;<\/strong>, al recibir a un grupo de refugiados del Archipi\u00e9lago de Chagos.<\/p>\n<p><strong>&#8220;Todos los pueblos, incluso los m\u00e1s peque\u00f1os y los m\u00e1s d\u00e9biles, deben ser respetados por los poderosos en su identidad y en sus derechos, en particular el derecho a vivir en sus propias tierras; y nadie puede obligarlos a un exilio forzado&#8221;<\/strong>, declar\u00f3 el pont\u00edfice.<\/p>\n<p>Le\u00f3n XIV se expres\u00f3 as\u00ed durante una reuni\u00f3n en el Vaticano con una delegaci\u00f3n del &#8216;Chagos Refugees Group&#8217;, una asociaci\u00f3n de refugiados en las Islas Mauricio que desde hace cincuenta a\u00f1os pide regresar al archipi\u00e9lago Chagos, del que fueron expulsados por Reino Unido.<\/p>\n<p>En mayo de 2024, el<strong>\u00a0gobierno brit\u00e1nico firm\u00f3 un acuerdo hist\u00f3rico por el que se compromet\u00eda a devolver el archipi\u00e9lago de Chagos, en el oc\u00e9ano \u00edndico, a su excolonia Mauricio.<\/strong><\/p>\n<p>El papa Le\u00f3n XIV celebr\u00f3 este tratado para la devoluci\u00f3n de Chagos a la rep\u00fablica insular como &#8220;un paso significativo para el regreso a casa&#8221; de estos refugiados expulsados en el siglo pasado de sus islas.<\/p>\n<p><strong>&#8220;Rindo homenaje a la determinaci\u00f3n del pueblo chagosiano, y en particular a la de las mujeres, en la reivindicaci\u00f3n pac\u00edfica de sus derechos. La renovada perspectiva de su regreso a su archipi\u00e9lago natal es una se\u00f1al alentadora y tiene una fuerza simb\u00f3lica en la escena internacional&#8221;,<\/strong>\u00a0sostuvo el pont\u00edfice estadounidense.<\/p>\n<p>Asimismo agradeci\u00f3 a las partes implicadas y que\u00a0<strong>&#8220;han comprendido el sufrimiento de su pueblo y han llegado a este acuerdo&#8221;.<\/strong><\/p>\n<p><strong>&#8220;Me alegra que el di\u00e1logo y el respeto de las decisiones del derecho internacional, como hab\u00eda deseado mi predecesor a su regreso del viaje a Mauricio, hayan podido finalmente remediar una grave injusticia&#8221;<\/strong>, asever\u00f3, recordando a Francisco.<\/p>\n<p>Le\u00f3n XIV adem\u00e1s exhort\u00f3 a las autoridades de Mauricio y a toda la comunidad internacional a que se comprometan al regreso de los moradores de Chagos sesenta a\u00f1os despu\u00e9s y que esa vuelta\u00a0<strong>&#8220;se realice en las mejores condiciones posibles&#8221;.<\/strong><\/p>\n<p><strong>Para ello, prometi\u00f3 la contribuci\u00f3n de la iglesia local.<\/strong><\/p>\n<p><strong>&#8220;Estos a\u00f1os de exilio han causado mucho sufrimiento entre ustedes. Han conocido la pobreza, el desprecio y la exclusi\u00f3n. Que el Se\u00f1or, ante la perspectiva de un futuro mejor, sane sus heridas y les conceda la gracia del perd\u00f3n hacia quienes les han hecho da\u00f1o.Los invito a mirar resueltamente hacia el futuro&#8221;,<\/strong>\u00a0inst\u00f3 el papa.<\/p>\n","protected":false},"excerpt":{"rendered":"<p>El papa Le\u00f3n XIV ha reivindicado este domingo que todos los pueblos del mundo, tambi\u00e9n los m\u00e1s peque\u00f1os o d\u00e9biles,\u00a0deben ser respetados y no pueden ser obligados al\u00a0&#8220;exilio forzoso&#8221;, al recibir a un grupo de refugiados del Archipi\u00e9lago de Chagos. &#8220;Todos los pueblos, incluso los m\u00e1s peque\u00f1os y los m\u00e1s d\u00e9biles, deben ser respetados por [&hellip;]<\/p>\n","protected":false},"author":2,"featured_media":227557,"comment_status":"closed","ping_status":"closed","sticky":false,"template":"","format":"standard","meta":{"footnotes":""},"categories":[12870,182],"tags":[12865,12871],"class_list":["post-227556","post","type-post","status-publish","format-standard","has-post-thumbnail","hentry","category-destacadas","category-internacional","tag-destacadas","tag-internacional"],"jetpack_featured_media_url":"https:\/\/rnoticias.com.mx\/Portal\/wp-content\/uploads\/2025\/08\/Leon-XIV-Castel-Gandolfo-1024x683-1.jpg","amp_enabled":true,"_links":{"self":[{"href":"https:\/\/rnoticias.com.mx\/Portal\/wp-json\/wp\/v2\/posts\/227556","targetHints":{"allow":["GET"]}}],"collection":[{"href":"https:\/\/rnoticias.com.mx\/Portal\/wp-json\/wp\/v2\/posts"}],"about":[{"href":"https:\/\/rnoticias.com.mx\/Portal\/wp-json\/wp\/v2\/types\/post"}],"author":[{"embeddable":true,"href":"https:\/\/rnoticias.com.mx\/Portal\/wp-json\/wp\/v2\/users\/2"}],"replies":[{"embeddable":true,"href":"https:\/\/rnoticias.com.mx\/Portal\/wp-json\/wp\/v2\/comments?post=227556"}],"version-history":[{"count":1,"href":"https:\/\/rnoticias.com.mx\/Portal\/wp-json\/wp\/v2\/posts\/227556\/revisions"}],"predecessor-version":[{"id":227558,"href":"https:\/\/rnoticias.com.mx\/Portal\/wp-json\/wp\/v2\/posts\/227556\/revisions\/227558"}],"wp:featuredmedia":[{"embeddable":true,"href":"https:\/\/rnoticias.com.mx\/Portal\/wp-json\/wp\/v2\/media\/227557"}],"wp:attachment":[{"href":"https:\/\/rnoticias.com.mx\/Portal\/wp-json\/wp\/v2\/media?parent=227556"}],"wp:term":[{"taxonomy":"category","embeddable":true,"href":"https:\/\/rnoticias.com.mx\/Portal\/wp-json\/wp\/v2\/categories?post=227556"},{"taxonomy":"post_tag","embeddable":true,"href":"https:\/\/rnoticias.com.mx\/Portal\/wp-json\/wp\/v2\/tags?post=227556"}],"curies":[{"name":"wp","href":"https:\/\/api.w.org\/{rel}","templated":true}]}}