{"id":227553,"date":"2025-08-23T12:25:50","date_gmt":"2025-08-23T19:25:50","guid":{"rendered":"https:\/\/rnoticias.com.mx\/Portal\/?p=227553"},"modified":"2025-08-23T12:25:50","modified_gmt":"2025-08-23T19:25:50","slug":"camioneros-inmigrantes-en-ee-uu-temen-mas-restricciones-tras-suspension-de-visas-de-trump","status":"publish","type":"post","link":"https:\/\/rnoticias.com.mx\/Portal\/2025\/08\/23\/camioneros-inmigrantes-en-ee-uu-temen-mas-restricciones-tras-suspension-de-visas-de-trump\/","title":{"rendered":"Camioneros inmigrantes en EE.UU. temen m\u00e1s restricciones tras suspensi\u00f3n de visas de Trump"},"content":{"rendered":"<p><strong>La suspensi\u00f3n de emisi\u00f3n de visas de trabajo para conductores de camiones comerciales emitida por el Gobierno del presidente Donald Trump supone la \u00faltima de una serie de medidas de la Casa Blanca<\/strong>\u00a0para restringir la inmigraci\u00f3n de trabajadores extranjeros, que causa temor entre los que ya se encuentran dentro del pa\u00eds.<\/p>\n<p>El Departamento de Estado detuvo el pasado jueves la emisi\u00f3n de visas de trabajo para extranjeros que buscan convertirse en conductores de camiones comerciales en Estados Unidos.<\/p>\n<p>El secretario de Estado, Marco Rubio, atribuy\u00f3 la suspensi\u00f3n al<strong>\u00a0\u201ccreciente n\u00famero\u201d\u00a0<\/strong>de conductores extranjeros que operan camiones con remolque en las carreteras estadounidenses que, seg\u00fan dijo en una publicaci\u00f3n en X, pone en peligro la vida de los estadounidenses y socava el sustento de los camioneros nacidos en EEUU.<\/p>\n<p><strong>\u201cEl gobierno est\u00e1 siendo muy injusto porque muchos de nosotros llevamos a\u00f1os conduciendo por las carreteras estadounidenses ayudando al pa\u00eds, trabajamos en la pandemia llevando mercanc\u00edas y en ese momento no le quit\u00e1bamos el trabajo a nadie\u201d<\/strong>, opina a EFE Salvador, un inmigrante salvadore\u00f1o que no quiso revelar su apellido por temor a represalias.<\/p>\n<p>El conductor que est\u00e1 amparado por el Estatus de Protecci\u00f3n Temporal (TPS) asegura que teme que la Casa Blanca busque revocar su licencia comercial, lo deje sin trabajo e incluso pueda terminar deportado.<\/p>\n<p>El miedo del inmigrante no es infundado, y es que el Gobierno ha emitido una serie medidas para limitar el trabajo de camioneros en el pa\u00eds.<\/p>\n<p>Desde junio el\u00a0<strong>Departamento de Transporte de EE.UU. exige una prueba de ingl\u00e9s para los conductores de carga, en cumplimiento de una orden ejecutiva firmada por el mandatario estadounidense en abril.<\/strong><\/p>\n<p><strong>El accidente en Florida\u00a0<\/strong><\/p>\n<p>Los inmigrantes conductores comerciales regresaron al foco\u00a0<strong>p\u00fablico despu\u00e9s de un accidente ocurrido el pasado doce de agosto que se sald\u00f3 con la muerte de tres personas en el condado de St. Lucie (Florida).<\/strong><\/p>\n<p>El inmigrante indio Harjinder Singh intent\u00f3 dar la vuelta en U sin autorizaci\u00f3n a trav\u00e9s de un acceso exclusivo para uso oficial de las autoridades del condado mientras conduc\u00eda un cami\u00f3n de 18 ruedas, lo que hizo que una minivan en la que viajaban tres personas quedara atrapada, y fallecieran debido al impacto.<\/p>\n<p>Singh, de 28 a\u00f1os, ten\u00eda una licencia de conducir comercial expedida en California, gracias a que contaba con un permiso de trabajo valido expedido por las autoridades federales.<\/p>\n<p>Seg\u00fan el Departamento de Seguridad Interna (DHS), Singh ingres\u00f3 en<strong>\u00a0EE.UU., junto con su hermano, por la frontera sur el 15 de mayo de 2023. Ambos fueron liberados para presentar sus casos frente a una corte de inmigraci\u00f3n y se les otorg\u00f3 el permiso de trabajo.<\/strong><\/p>\n<p>El conductor fue detenido y acusado de tres cargos de homicidio vehicular, y su hermano, que viajaba con \u00e9l en el cami\u00f3n, fue detenido por las autoridades migratorias para su deportaci\u00f3n.<\/p>\n<p>Singh reprob\u00f3 un examen de competencia en idioma ingl\u00e9s cuando funcionarios del Departamento de Transporte lo entrevistaron tras el accidente.<\/p>\n<p>El inmigrante\u00a0<strong>&#8220;proporcion\u00f3 respuestas correctas a s\u00f3lo dos de 12 preguntas verbales y s\u00f3lo identificando con precisi\u00f3n una de cuatro se\u00f1ales de tr\u00e1fico de la carretera&#8221;<\/strong>, ahondaron las autoridades.<\/p>\n<p>Bajo la lupa<\/p>\n<p>El abogado de inmigraci\u00f3n Alex G\u00e1lvez cree probable que tras este accidente las autoridades de inmigraci\u00f3n comenzar\u00e1n a revisar las licencias de conducir otorgadas a inmigrantes que solo tienen permisos de trabajo.<\/p>\n<p><strong>\u201cEste accidente puso a todos los conductores inmigrantes bajo la lupa\u201d,<\/strong>\u00a0dijo a EFE G\u00e1lvez.<\/p>\n<p>La preocupaci\u00f3n del jurista es que en las autoridades no se enfocar\u00e1n solamente en los inmigrantes camioneros que reci\u00e9n obtuvieron sus licencias sino en todos.<\/p>\n<p><strong>\u201cEsto siembra otra narrativa negativa contra la comunidad inmigrante\u201d,<\/strong>\u00a0advierte el abogado, que tiene su pr\u00e1ctica en Los \u00c1ngeles.<\/p>\n<p>La suspensi\u00f3n ordenada por el Gobierno Trump fue apoyada por La Asociaci\u00f3n Americana de Camiones (ATA) afirmando que la emisi\u00f3n de licencias de conducir comerciales a ciudadanos no estadounidenses\u00a0<strong>&#8220;requiere un escrutinio riguroso\u201d. \u00a0\u00a0<\/strong><\/p>\n<p>&nbsp;<\/p>\n<p>Fuente: EFE\/<\/p>\n","protected":false},"excerpt":{"rendered":"<p>La suspensi\u00f3n de emisi\u00f3n de visas de trabajo para conductores de camiones comerciales emitida por el Gobierno del presidente Donald Trump supone la \u00faltima de una serie de medidas de la Casa Blanca\u00a0para restringir la inmigraci\u00f3n de trabajadores extranjeros, que causa temor entre los que ya se encuentran dentro del pa\u00eds. El Departamento de Estado [&hellip;]<\/p>\n","protected":false},"author":2,"featured_media":227554,"comment_status":"closed","ping_status":"closed","sticky":false,"template":"","format":"standard","meta":{"footnotes":""},"categories":[12870,172],"tags":[12865,12874],"class_list":["post-227553","post","type-post","status-publish","format-standard","has-post-thumbnail","hentry","category-destacadas","category-nacional","tag-destacadas","tag-nacional"],"jetpack_featured_media_url":"https:\/\/rnoticias.com.mx\/Portal\/wp-content\/uploads\/2025\/08\/NG4OA6D54FFWLFOB2TNHBCO5FQ.jpg","amp_enabled":true,"_links":{"self":[{"href":"https:\/\/rnoticias.com.mx\/Portal\/wp-json\/wp\/v2\/posts\/227553","targetHints":{"allow":["GET"]}}],"collection":[{"href":"https:\/\/rnoticias.com.mx\/Portal\/wp-json\/wp\/v2\/posts"}],"about":[{"href":"https:\/\/rnoticias.com.mx\/Portal\/wp-json\/wp\/v2\/types\/post"}],"author":[{"embeddable":true,"href":"https:\/\/rnoticias.com.mx\/Portal\/wp-json\/wp\/v2\/users\/2"}],"replies":[{"embeddable":true,"href":"https:\/\/rnoticias.com.mx\/Portal\/wp-json\/wp\/v2\/comments?post=227553"}],"version-history":[{"count":1,"href":"https:\/\/rnoticias.com.mx\/Portal\/wp-json\/wp\/v2\/posts\/227553\/revisions"}],"predecessor-version":[{"id":227555,"href":"https:\/\/rnoticias.com.mx\/Portal\/wp-json\/wp\/v2\/posts\/227553\/revisions\/227555"}],"wp:featuredmedia":[{"embeddable":true,"href":"https:\/\/rnoticias.com.mx\/Portal\/wp-json\/wp\/v2\/media\/227554"}],"wp:attachment":[{"href":"https:\/\/rnoticias.com.mx\/Portal\/wp-json\/wp\/v2\/media?parent=227553"}],"wp:term":[{"taxonomy":"category","embeddable":true,"href":"https:\/\/rnoticias.com.mx\/Portal\/wp-json\/wp\/v2\/categories?post=227553"},{"taxonomy":"post_tag","embeddable":true,"href":"https:\/\/rnoticias.com.mx\/Portal\/wp-json\/wp\/v2\/tags?post=227553"}],"curies":[{"name":"wp","href":"https:\/\/api.w.org\/{rel}","templated":true}]}}