{"id":227547,"date":"2025-08-23T11:45:09","date_gmt":"2025-08-23T18:45:09","guid":{"rendered":"https:\/\/rnoticias.com.mx\/Portal\/?p=227547"},"modified":"2025-08-23T11:45:09","modified_gmt":"2025-08-23T18:45:09","slug":"hermosillo-prueba-topes-inteligentes","status":"publish","type":"post","link":"https:\/\/rnoticias.com.mx\/Portal\/2025\/08\/23\/hermosillo-prueba-topes-inteligentes\/","title":{"rendered":"Hermosillo prueba topes inteligentes"},"content":{"rendered":"<p>Hermosillo, Sonora. La instalaci\u00f3n de topes inteligentes en Hermosillo abri\u00f3 el debate sobre seguridad vial y modernizaci\u00f3n urbana.<\/p>\n<p>&nbsp;<\/p>\n<p>Alma Angelina Guti\u00e9rrez Mill\u00e1n, alcaldesa de la bicicleta, destac\u00f3 su importancia en zonas escolares para proteger a la infancia y reducir accidentes.<\/p>\n<p>&nbsp;<\/p>\n<p>\u201cA diferencia de los topes tradicionales, estos dispositivos solo se activan si un conductor excede la velocidad permitida, lo que castiga la imprudencia y respeta a quienes manejan con responsabilidad\u201d, dijo.<\/p>\n<p>&nbsp;<\/p>\n<p>Confi\u00f3, que esta medida debe acompa\u00f1arse de se\u00f1alizaci\u00f3n, pasos peatonales y campa\u00f1as educativas.<\/p>\n<p>&nbsp;<\/p>\n<p>Por su parte, Astart\u00e9 Corro Ruiz, titular de Desarrollo de Infraestructura del Ayuntamiento, explic\u00f3 que el piloto busca reducir accidentes, fomentar cultura vial y modernizar la ciudad.<\/p>\n<p>&nbsp;<\/p>\n<p>\u201cLos dispositivos cuentan con sensores, se\u00f1alizaci\u00f3n luminosa y sem\u00e1foro MUPI, y se evaluar\u00e1 su instalaci\u00f3n en otros puntos\u201d, declar\u00f3.<\/p>\n<p>&nbsp;<\/p>\n<p>&nbsp;<\/p>\n<p>Cita:<\/p>\n<p>\u201cHermosillo necesita empezar a innovar, modernizarse con sistemas que ya hay en otras partes del pa\u00eds y del mundo, por eso empezamos en un tramo de la Heriberto Aja y donde hay una escuela. Tambi\u00e9n estamos ayudando a reducir la contaminaci\u00f3n de la ciudad con estos topes inteligentes\u201d, dijo Astart\u00e9 Corro.<\/p>\n<p>&nbsp;<\/p>\n","protected":false},"excerpt":{"rendered":"<p>Hermosillo, Sonora. La instalaci\u00f3n de topes inteligentes en Hermosillo abri\u00f3 el debate sobre seguridad vial y modernizaci\u00f3n urbana. &nbsp; Alma Angelina Guti\u00e9rrez Mill\u00e1n, alcaldesa de la bicicleta, destac\u00f3 su importancia en zonas escolares para proteger a la infancia y reducir accidentes. &nbsp; \u201cA diferencia de los topes tradicionales, estos dispositivos solo se activan si un [&hellip;]<\/p>\n","protected":false},"author":2,"featured_media":227548,"comment_status":"closed","ping_status":"closed","sticky":false,"template":"","format":"standard","meta":{"footnotes":""},"categories":[12870,178],"tags":[12865,12869],"class_list":["post-227547","post","type-post","status-publish","format-standard","has-post-thumbnail","hentry","category-destacadas","category-local","tag-destacadas","tag-local"],"jetpack_featured_media_url":"https:\/\/rnoticias.com.mx\/Portal\/wp-content\/uploads\/2025\/08\/img_2551.jpg","amp_enabled":true,"_links":{"self":[{"href":"https:\/\/rnoticias.com.mx\/Portal\/wp-json\/wp\/v2\/posts\/227547","targetHints":{"allow":["GET"]}}],"collection":[{"href":"https:\/\/rnoticias.com.mx\/Portal\/wp-json\/wp\/v2\/posts"}],"about":[{"href":"https:\/\/rnoticias.com.mx\/Portal\/wp-json\/wp\/v2\/types\/post"}],"author":[{"embeddable":true,"href":"https:\/\/rnoticias.com.mx\/Portal\/wp-json\/wp\/v2\/users\/2"}],"replies":[{"embeddable":true,"href":"https:\/\/rnoticias.com.mx\/Portal\/wp-json\/wp\/v2\/comments?post=227547"}],"version-history":[{"count":1,"href":"https:\/\/rnoticias.com.mx\/Portal\/wp-json\/wp\/v2\/posts\/227547\/revisions"}],"predecessor-version":[{"id":227549,"href":"https:\/\/rnoticias.com.mx\/Portal\/wp-json\/wp\/v2\/posts\/227547\/revisions\/227549"}],"wp:featuredmedia":[{"embeddable":true,"href":"https:\/\/rnoticias.com.mx\/Portal\/wp-json\/wp\/v2\/media\/227548"}],"wp:attachment":[{"href":"https:\/\/rnoticias.com.mx\/Portal\/wp-json\/wp\/v2\/media?parent=227547"}],"wp:term":[{"taxonomy":"category","embeddable":true,"href":"https:\/\/rnoticias.com.mx\/Portal\/wp-json\/wp\/v2\/categories?post=227547"},{"taxonomy":"post_tag","embeddable":true,"href":"https:\/\/rnoticias.com.mx\/Portal\/wp-json\/wp\/v2\/tags?post=227547"}],"curies":[{"name":"wp","href":"https:\/\/api.w.org\/{rel}","templated":true}]}}