{"id":227544,"date":"2025-08-23T11:42:31","date_gmt":"2025-08-23T18:42:31","guid":{"rendered":"https:\/\/rnoticias.com.mx\/Portal\/?p=227544"},"modified":"2025-08-23T11:42:31","modified_gmt":"2025-08-23T18:42:31","slug":"tres-paradas-con-a-c-siguen-sin-operar-por-falta-de-electricidad","status":"publish","type":"post","link":"https:\/\/rnoticias.com.mx\/Portal\/2025\/08\/23\/tres-paradas-con-a-c-siguen-sin-operar-por-falta-de-electricidad\/","title":{"rendered":"Tres paradas con A\/C siguen sin operar por falta de electricidad"},"content":{"rendered":"<p>Las tres paradas de autob\u00fas refrigeradas que a\u00fan no entran en operaci\u00f3n permanecen a la espera de la conexi\u00f3n el\u00e9ctrica por parte de la Comisi\u00f3n Federal de Electricidad (CFE), inform\u00f3 Carla Neudert C\u00f3rdova.<\/p>\n<p>&nbsp;<\/p>\n<p>La directora de la Agencia Municipal de Energ\u00eda y Cambio Clim\u00e1tico, cont\u00f3 que aunque las casetas cuentan con paneles solares para generar energ\u00eda, es indispensable enlazar el sistema fotovoltaico a la red de la CFE para garantizar el suministro.<\/p>\n<p>&nbsp;<\/p>\n<p>\u201cComisi\u00f3n se encuentra priorizando trabajos en colonias afectadas por apagones, lo que ha retrasado este proyecto. Se prev\u00e9 que en agosto quede concluida la conexi\u00f3n y ya funcionen las tres paradas: una ubicada en el MUSAS y dos sobre el bulevar Luis Encinas, frente a la Universidad de Sonora y el Hospital Universitario.<\/p>\n<p>&nbsp;<\/p>\n<p>Resalt\u00f3, que una vez firmado el contrato, se activar\u00e1 tambi\u00e9n el respaldo de energ\u00eda renovable.<\/p>\n<p>&nbsp;<\/p>\n","protected":false},"excerpt":{"rendered":"<p>Las tres paradas de autob\u00fas refrigeradas que a\u00fan no entran en operaci\u00f3n permanecen a la espera de la conexi\u00f3n el\u00e9ctrica por parte de la Comisi\u00f3n Federal de Electricidad (CFE), inform\u00f3 Carla Neudert C\u00f3rdova. &nbsp; La directora de la Agencia Municipal de Energ\u00eda y Cambio Clim\u00e1tico, cont\u00f3 que aunque las casetas cuentan con paneles solares para [&hellip;]<\/p>\n","protected":false},"author":2,"featured_media":227545,"comment_status":"closed","ping_status":"closed","sticky":false,"template":"","format":"standard","meta":{"footnotes":""},"categories":[12870,178],"tags":[12865,12869],"class_list":["post-227544","post","type-post","status-publish","format-standard","has-post-thumbnail","hentry","category-destacadas","category-local","tag-destacadas","tag-local"],"jetpack_featured_media_url":"https:\/\/rnoticias.com.mx\/Portal\/wp-content\/uploads\/2025\/08\/Camiones-2-1024x450-1.jpg","amp_enabled":true,"_links":{"self":[{"href":"https:\/\/rnoticias.com.mx\/Portal\/wp-json\/wp\/v2\/posts\/227544","targetHints":{"allow":["GET"]}}],"collection":[{"href":"https:\/\/rnoticias.com.mx\/Portal\/wp-json\/wp\/v2\/posts"}],"about":[{"href":"https:\/\/rnoticias.com.mx\/Portal\/wp-json\/wp\/v2\/types\/post"}],"author":[{"embeddable":true,"href":"https:\/\/rnoticias.com.mx\/Portal\/wp-json\/wp\/v2\/users\/2"}],"replies":[{"embeddable":true,"href":"https:\/\/rnoticias.com.mx\/Portal\/wp-json\/wp\/v2\/comments?post=227544"}],"version-history":[{"count":1,"href":"https:\/\/rnoticias.com.mx\/Portal\/wp-json\/wp\/v2\/posts\/227544\/revisions"}],"predecessor-version":[{"id":227546,"href":"https:\/\/rnoticias.com.mx\/Portal\/wp-json\/wp\/v2\/posts\/227544\/revisions\/227546"}],"wp:featuredmedia":[{"embeddable":true,"href":"https:\/\/rnoticias.com.mx\/Portal\/wp-json\/wp\/v2\/media\/227545"}],"wp:attachment":[{"href":"https:\/\/rnoticias.com.mx\/Portal\/wp-json\/wp\/v2\/media?parent=227544"}],"wp:term":[{"taxonomy":"category","embeddable":true,"href":"https:\/\/rnoticias.com.mx\/Portal\/wp-json\/wp\/v2\/categories?post=227544"},{"taxonomy":"post_tag","embeddable":true,"href":"https:\/\/rnoticias.com.mx\/Portal\/wp-json\/wp\/v2\/tags?post=227544"}],"curies":[{"name":"wp","href":"https:\/\/api.w.org\/{rel}","templated":true}]}}