{"id":227526,"date":"2025-08-23T11:20:19","date_gmt":"2025-08-23T18:20:19","guid":{"rendered":"https:\/\/rnoticias.com.mx\/Portal\/?p=227526"},"modified":"2025-08-23T11:20:19","modified_gmt":"2025-08-23T18:20:19","slug":"instala-gobierno-de-sonora-comite-local-de-intercambio-de-servicios-medicos","status":"publish","type":"post","link":"https:\/\/rnoticias.com.mx\/Portal\/2025\/08\/23\/instala-gobierno-de-sonora-comite-local-de-intercambio-de-servicios-medicos\/","title":{"rendered":"Instala Gobierno de Sonora Comit\u00e9 Local de Intercambio de Servicios M\u00e9dicos"},"content":{"rendered":"<p>Hermosillo, Sonora; 23 de agosto de 2025.- El Gobierno de Sonora, a trav\u00e9s de la Secretar\u00eda de Salud (SSP), llev\u00f3 a cabo la instalaci\u00f3n del Comit\u00e9 Local de Intercambio de Servicios de Atenci\u00f3n M\u00e9dica, con el prop\u00f3sito de fortalecer la coordinaci\u00f3n y garantizar un acceso m\u00e1s equitativo a la atenci\u00f3n en beneficio de la poblaci\u00f3n sonorense.<\/p>\n<p>Durante la reuni\u00f3n, autoridades estatales y representantes de las diferentes instituciones p\u00fablicas del sector salud participaron en la conformaci\u00f3n oficial de este organismo, cuyo objetivo ser\u00e1 establecer mecanismos claros de colaboraci\u00f3n y supervisi\u00f3n para mejorar la prestaci\u00f3n de los servicios m\u00e9dicos en la entidad.<\/p>\n<p>El Comit\u00e9 Local sesionar\u00e1 de manera ordinaria al menos una vez cada seis meses y, entre sus principales funciones, se encuentran la expedici\u00f3n de Reglas Internas de Operaci\u00f3n en un plazo m\u00e1ximo de 60 d\u00edas naturales, as\u00ed como su actualizaci\u00f3n constante. Tambi\u00e9n ser\u00e1 el encargado de impulsar instrumentos y mecanismos que faciliten la operaci\u00f3n en los establecimientos m\u00e9dicos de las instituciones participantes.<\/p>\n<p>Asimismo, este organismo deber\u00e1 remitir al Comit\u00e9 Nacional un ejemplar del convenio espec\u00edfico firmado, con el fin de integrarlo al registro correspondiente. Otra de sus responsabilidades ser\u00e1 vigilar el cumplimiento de las obligaciones acordadas entre las partes, siempre en apego a lo establecido en los convenios y en el Acuerdo General.<\/p>\n<p>El Comit\u00e9 tambi\u00e9n promover\u00e1 la conformaci\u00f3n de grupos colegiados que permitan implementar herramientas pr\u00e1cticas para el intercambio o la prestaci\u00f3n unilateral de servicios de atenci\u00f3n m\u00e9dica, con la representaci\u00f3n de todas las instituciones involucradas. Esto permitir\u00e1 fortalecer la colaboraci\u00f3n interinstitucional y mejorar la calidad de los servicios que reciben las y los usuarios.<\/p>\n<p>Cabe destacar que, una vez concluida la reuni\u00f3n, las autoridades realizaron un recorrido por hospitales de Hermosillo, con el objetivo de constatar de primera mano las necesidades de infraestructura y operaci\u00f3n de los servicios m\u00e9dicos, reafirmando el compromiso del Gobierno de Sonora con el fortalecimiento del sistema de salud en la entidad.<\/p>\n","protected":false},"excerpt":{"rendered":"<p>Hermosillo, Sonora; 23 de agosto de 2025.- El Gobierno de Sonora, a trav\u00e9s de la Secretar\u00eda de Salud (SSP), llev\u00f3 a cabo la instalaci\u00f3n del Comit\u00e9 Local de Intercambio de Servicios de Atenci\u00f3n M\u00e9dica, con el prop\u00f3sito de fortalecer la coordinaci\u00f3n y garantizar un acceso m\u00e1s equitativo a la atenci\u00f3n en beneficio de la poblaci\u00f3n [&hellip;]<\/p>\n","protected":false},"author":2,"featured_media":227527,"comment_status":"closed","ping_status":"closed","sticky":false,"template":"","format":"standard","meta":{"footnotes":""},"categories":[12870,178],"tags":[12865,12869],"class_list":["post-227526","post","type-post","status-publish","format-standard","has-post-thumbnail","hentry","category-destacadas","category-local","tag-destacadas","tag-local"],"jetpack_featured_media_url":"https:\/\/rnoticias.com.mx\/Portal\/wp-content\/uploads\/2025\/08\/unnamed-77.jpg","amp_enabled":true,"_links":{"self":[{"href":"https:\/\/rnoticias.com.mx\/Portal\/wp-json\/wp\/v2\/posts\/227526","targetHints":{"allow":["GET"]}}],"collection":[{"href":"https:\/\/rnoticias.com.mx\/Portal\/wp-json\/wp\/v2\/posts"}],"about":[{"href":"https:\/\/rnoticias.com.mx\/Portal\/wp-json\/wp\/v2\/types\/post"}],"author":[{"embeddable":true,"href":"https:\/\/rnoticias.com.mx\/Portal\/wp-json\/wp\/v2\/users\/2"}],"replies":[{"embeddable":true,"href":"https:\/\/rnoticias.com.mx\/Portal\/wp-json\/wp\/v2\/comments?post=227526"}],"version-history":[{"count":1,"href":"https:\/\/rnoticias.com.mx\/Portal\/wp-json\/wp\/v2\/posts\/227526\/revisions"}],"predecessor-version":[{"id":227528,"href":"https:\/\/rnoticias.com.mx\/Portal\/wp-json\/wp\/v2\/posts\/227526\/revisions\/227528"}],"wp:featuredmedia":[{"embeddable":true,"href":"https:\/\/rnoticias.com.mx\/Portal\/wp-json\/wp\/v2\/media\/227527"}],"wp:attachment":[{"href":"https:\/\/rnoticias.com.mx\/Portal\/wp-json\/wp\/v2\/media?parent=227526"}],"wp:term":[{"taxonomy":"category","embeddable":true,"href":"https:\/\/rnoticias.com.mx\/Portal\/wp-json\/wp\/v2\/categories?post=227526"},{"taxonomy":"post_tag","embeddable":true,"href":"https:\/\/rnoticias.com.mx\/Portal\/wp-json\/wp\/v2\/tags?post=227526"}],"curies":[{"name":"wp","href":"https:\/\/api.w.org\/{rel}","templated":true}]}}