{"id":227519,"date":"2025-08-22T15:22:09","date_gmt":"2025-08-22T22:22:09","guid":{"rendered":"https:\/\/rnoticias.com.mx\/Portal\/?p=227519"},"modified":"2025-08-22T15:22:09","modified_gmt":"2025-08-22T22:22:09","slug":"presenta-agencia-de-energia-estrategia-municipal-de-transicion-energetica-de-hermosillo","status":"publish","type":"post","link":"https:\/\/rnoticias.com.mx\/Portal\/2025\/08\/22\/presenta-agencia-de-energia-estrategia-municipal-de-transicion-energetica-de-hermosillo\/","title":{"rendered":"Presenta Agencia de Energ\u00eda estrategia municipal de transici\u00f3n energ\u00e9tica de Hermosillo"},"content":{"rendered":"<p>Hermosillo, Sonora; 22 de agosto de 2025.- La directora de la Agencia Municipal de Energ\u00eda y Cambio Clim\u00e1tico (AMECC), Carla Neudert C\u00f3rdova, se reuni\u00f3 con el grupo de analistas Madrugadores para exponer la estrategia y los proyectos que impulsa el Ayuntamiento de Hermosillo rumbo a la transici\u00f3n de la \u201cCiudad del Sol\u201d a la \u201cCiudad Solar\u201d.<\/p>\n<p>Durante el encuentro, Neudert C\u00f3rdova destac\u00f3 programas como Hogar Solar e Impulso Solar, incluidos en la Estrategia Municipal de Transici\u00f3n Energ\u00e9tica, la cual integra indicadores que permiten medir el impacto de cada acci\u00f3n en materia de cambio clim\u00e1tico y sustentabilidad.<\/p>\n<p>\u201cUna de las principales inquietudes planteadas fue c\u00f3mo asegurar que los proyectos se difundan m\u00e1s ampliamente y trasciendan a futuras administraciones municipales\u201d, expuso.<\/p>\n<p>La directora de la AMECC agradeci\u00f3 la invitaci\u00f3n y el reconocimiento otorgado, el cual dijo recibir a nombre del Ayuntamiento de Hermosillo y de manera personal.<\/p>\n<p>Por su parte, los integrantes de Madrugadores, encabezados por su coordinadora, Conchita Valdez, felicitaron a la funcionaria y reconocieron el trabajo del gobierno encabezado por Antonio Astiazar\u00e1n Guti\u00e9rrez, al considerarlo un referente nacional en materia de energ\u00eda y sustentabilidad.<\/p>\n","protected":false},"excerpt":{"rendered":"<p>Hermosillo, Sonora; 22 de agosto de 2025.- La directora de la Agencia Municipal de Energ\u00eda y Cambio Clim\u00e1tico (AMECC), Carla Neudert C\u00f3rdova, se reuni\u00f3 con el grupo de analistas Madrugadores para exponer la estrategia y los proyectos que impulsa el Ayuntamiento de Hermosillo rumbo a la transici\u00f3n de la \u201cCiudad del Sol\u201d a la \u201cCiudad [&hellip;]<\/p>\n","protected":false},"author":2,"featured_media":227520,"comment_status":"closed","ping_status":"closed","sticky":false,"template":"","format":"standard","meta":{"footnotes":""},"categories":[12870,178],"tags":[12865,12869],"class_list":["post-227519","post","type-post","status-publish","format-standard","has-post-thumbnail","hentry","category-destacadas","category-local","tag-destacadas","tag-local"],"jetpack_featured_media_url":"https:\/\/rnoticias.com.mx\/Portal\/wp-content\/uploads\/2025\/08\/626eab54-9b43-4b23-abef-596f86e882c7.jpg","amp_enabled":true,"_links":{"self":[{"href":"https:\/\/rnoticias.com.mx\/Portal\/wp-json\/wp\/v2\/posts\/227519","targetHints":{"allow":["GET"]}}],"collection":[{"href":"https:\/\/rnoticias.com.mx\/Portal\/wp-json\/wp\/v2\/posts"}],"about":[{"href":"https:\/\/rnoticias.com.mx\/Portal\/wp-json\/wp\/v2\/types\/post"}],"author":[{"embeddable":true,"href":"https:\/\/rnoticias.com.mx\/Portal\/wp-json\/wp\/v2\/users\/2"}],"replies":[{"embeddable":true,"href":"https:\/\/rnoticias.com.mx\/Portal\/wp-json\/wp\/v2\/comments?post=227519"}],"version-history":[{"count":1,"href":"https:\/\/rnoticias.com.mx\/Portal\/wp-json\/wp\/v2\/posts\/227519\/revisions"}],"predecessor-version":[{"id":227521,"href":"https:\/\/rnoticias.com.mx\/Portal\/wp-json\/wp\/v2\/posts\/227519\/revisions\/227521"}],"wp:featuredmedia":[{"embeddable":true,"href":"https:\/\/rnoticias.com.mx\/Portal\/wp-json\/wp\/v2\/media\/227520"}],"wp:attachment":[{"href":"https:\/\/rnoticias.com.mx\/Portal\/wp-json\/wp\/v2\/media?parent=227519"}],"wp:term":[{"taxonomy":"category","embeddable":true,"href":"https:\/\/rnoticias.com.mx\/Portal\/wp-json\/wp\/v2\/categories?post=227519"},{"taxonomy":"post_tag","embeddable":true,"href":"https:\/\/rnoticias.com.mx\/Portal\/wp-json\/wp\/v2\/tags?post=227519"}],"curies":[{"name":"wp","href":"https:\/\/api.w.org\/{rel}","templated":true}]}}