{"id":227516,"date":"2025-08-22T14:38:36","date_gmt":"2025-08-22T21:38:36","guid":{"rendered":"https:\/\/rnoticias.com.mx\/Portal\/?p=227516"},"modified":"2025-08-22T14:38:36","modified_gmt":"2025-08-22T21:38:36","slug":"filtran-supuesto-audio-de-ninel-conde-donde-critica-lcdlfm","status":"publish","type":"post","link":"https:\/\/rnoticias.com.mx\/Portal\/2025\/08\/22\/filtran-supuesto-audio-de-ninel-conde-donde-critica-lcdlfm\/","title":{"rendered":"Filtran supuesto audio de Ninel Conde donde critica LCDLFM"},"content":{"rendered":"<p>Tras la salida de\u00a0<strong>Ninel Conde<\/strong>\u00a0de\u00a0<strong>La Casa de los Famosos M\u00e9xico<\/strong>\u00a02025, surgieron los rumores de que la famosa habr\u00eda pedido su salida del reality y por eso fue eliminada del juego.\u00a0Adem\u00e1s, recientemente, comenz\u00f3 a circular un\u00a0<strong>supuesto audio<\/strong>\u00a0de Ninel donde expresa su frustraci\u00f3n por lo que vivi\u00f3 dentro de la casa.<\/p>\n<p>Ninel Conde ha sido centro de\u00a0<strong>cr\u00edticas<\/strong>\u00a0y comentarios en redes sociales, sobre todo por su interacci\u00f3n con otros participantes de LCDLFM. Su participaci\u00f3n ha\u00a0<strong>despertado<\/strong>\u00a0debates sobre el trato de los concursantes y la forma en que se muestran los conflictos en el programa<\/p>\n<p>En el supuesto audio filtrado, Ninel Conde dijo lo siguiente: \u201cCreo que es\u00a0<strong>s\u00faper frustrante<\/strong>\u00a0para cualquier ser humano pasar de ser el agredido a ser el agresor. Simplemente por perspectiva, \u00bfsaben? Adentro se viven sentimientos muy fuertes y es tan diferente a como se lee en los programas o en TikTok\u201d.<\/p>\n<p>En el video de la grabaci\u00f3n, Conde no mencion\u00f3 directamente los nombres de sus ex compa\u00f1eros, pero se interpreta que se refiri\u00f3 a\u00a0<strong>Mar Contreras<\/strong>\u00a0al se\u00f1alar que hay quienes la ven como m\u00e1rtir en lugar de villana, y a\u00a0<strong>Alexis Ayala<\/strong>, a quien presuntamente aludi\u00f3 como un \u201cviolentador mis\u00f3gino\u201d convertido en h\u00e9roe.<\/p>\n<div class=\"twitter-tweet twitter-tweet-rendered\"><\/div>\n<p>Fuente: Milenio<\/p>\n","protected":false},"excerpt":{"rendered":"<p>Tras la salida de\u00a0Ninel Conde\u00a0de\u00a0La Casa de los Famosos M\u00e9xico\u00a02025, surgieron los rumores de que la famosa habr\u00eda pedido su salida del reality y por eso fue eliminada del juego.\u00a0Adem\u00e1s, recientemente, comenz\u00f3 a circular un\u00a0supuesto audio\u00a0de Ninel donde expresa su frustraci\u00f3n por lo que vivi\u00f3 dentro de la casa. Ninel Conde ha sido centro de\u00a0cr\u00edticas\u00a0y [&hellip;]<\/p>\n","protected":false},"author":2,"featured_media":227517,"comment_status":"closed","ping_status":"closed","sticky":false,"template":"","format":"standard","meta":{"footnotes":""},"categories":[12870,219],"tags":[12865,12875],"class_list":["post-227516","post","type-post","status-publish","format-standard","has-post-thumbnail","hentry","category-destacadas","category-espectaculos","tag-destacadas","tag-espectaculos"],"jetpack_featured_media_url":"https:\/\/rnoticias.com.mx\/Portal\/wp-content\/uploads\/2025\/08\/1-7fa83abd-focus-0.04-0.57-750-440.jpg","amp_enabled":true,"_links":{"self":[{"href":"https:\/\/rnoticias.com.mx\/Portal\/wp-json\/wp\/v2\/posts\/227516","targetHints":{"allow":["GET"]}}],"collection":[{"href":"https:\/\/rnoticias.com.mx\/Portal\/wp-json\/wp\/v2\/posts"}],"about":[{"href":"https:\/\/rnoticias.com.mx\/Portal\/wp-json\/wp\/v2\/types\/post"}],"author":[{"embeddable":true,"href":"https:\/\/rnoticias.com.mx\/Portal\/wp-json\/wp\/v2\/users\/2"}],"replies":[{"embeddable":true,"href":"https:\/\/rnoticias.com.mx\/Portal\/wp-json\/wp\/v2\/comments?post=227516"}],"version-history":[{"count":1,"href":"https:\/\/rnoticias.com.mx\/Portal\/wp-json\/wp\/v2\/posts\/227516\/revisions"}],"predecessor-version":[{"id":227518,"href":"https:\/\/rnoticias.com.mx\/Portal\/wp-json\/wp\/v2\/posts\/227516\/revisions\/227518"}],"wp:featuredmedia":[{"embeddable":true,"href":"https:\/\/rnoticias.com.mx\/Portal\/wp-json\/wp\/v2\/media\/227517"}],"wp:attachment":[{"href":"https:\/\/rnoticias.com.mx\/Portal\/wp-json\/wp\/v2\/media?parent=227516"}],"wp:term":[{"taxonomy":"category","embeddable":true,"href":"https:\/\/rnoticias.com.mx\/Portal\/wp-json\/wp\/v2\/categories?post=227516"},{"taxonomy":"post_tag","embeddable":true,"href":"https:\/\/rnoticias.com.mx\/Portal\/wp-json\/wp\/v2\/tags?post=227516"}],"curies":[{"name":"wp","href":"https:\/\/api.w.org\/{rel}","templated":true}]}}