{"id":227513,"date":"2025-08-22T14:36:54","date_gmt":"2025-08-22T21:36:54","guid":{"rendered":"https:\/\/rnoticias.com.mx\/Portal\/?p=227513"},"modified":"2025-08-22T14:36:54","modified_gmt":"2025-08-22T21:36:54","slug":"gobernador-durazo-lleva-segunda-feria-de-la-paz-a-cajeme-con-tramites-y-servicios-gratuitos","status":"publish","type":"post","link":"https:\/\/rnoticias.com.mx\/Portal\/2025\/08\/22\/gobernador-durazo-lleva-segunda-feria-de-la-paz-a-cajeme-con-tramites-y-servicios-gratuitos\/","title":{"rendered":"Gobernador Durazo lleva segunda Feria de la Paz a Cajeme con tr\u00e1mites y servicios gratuitos"},"content":{"rendered":"<p align=\"left\">Ciudad Obreg\u00f3n, Sonora; 22 de agosto de 2025.- Con la participaci\u00f3n de m\u00e1s de 55 dependencias de los tres niveles de gobierno se realiz\u00f3 en la colonia Nueva Palmira en Ciudad Obreg\u00f3n la segunda Feria de la Paz, donde cientos de vecinos del sector pudieron acceder a los servicios gratuitos y atenci\u00f3n cercana.<\/p>\n<p align=\"left\">\n<p align=\"left\">Roberto Carlos Estrella Gil, director de Evaluaci\u00f3n del Centro Estatal de Prevenci\u00f3n del Delito, en representaci\u00f3n del gobernador Alfonso Durazo destac\u00f3 que por instrucciones de la presidenta Claudia Sheinbaum y del mandatario estatal los tres niveles de gobierno trabajan arduamente en la atenci\u00f3n de las causas y en atenci\u00f3n de las y los ciudadanos de Cajeme.<\/p>\n<p align=\"left\">\n<p align=\"left\">Esta Feria de la Paz atendi\u00f3 a vecinos de las colonias Nueva Palmira, Russo Vogel, Aves del Castillo, Esperanza Tiznado, donde se ha trabajado cerca de un mes recabando las diferentes necesidades de ese pol\u00edgono para buscar soluciones.<\/p>\n<p align=\"left\">\n<p align=\"left\">\u201cPues por la cuesti\u00f3n de las actas y van a dar unos apoyos, me dijeron para pr\u00e9stamos ya sea para vivienda o as\u00ed. Muy bien, muy bien la verdad, porque nos beneficia a nosotros. Aqu\u00ed est\u00e1 de todo, plantas, salud, de todo hay. La verdad que muy agradecida, si a m\u00ed me tocara hablar por toda la gente, igual, muchas gracias por hacer este tipo de eventos\u201d, coment\u00f3 Mirna Correa \u00c1lvarez.<\/p>\n<p align=\"left\">\n<p align=\"left\">\u201cAhorita estoy acompa\u00f1ando a mi mam\u00e1 porque le iban a dar una despensa y ya estando aqu\u00ed, hice cola para un acta de nacimiento. Me parece muy bien porque ayudas as\u00ed a muchas personas en lo econ\u00f3mico, en las vueltas, en todo lo que tiene que ver para sacar esos tr\u00e1mites y esos papeles que necesitan, ya est\u00e1n en un solo lugar y gratis mejor que nada. Muchas gracias\u201d, expres\u00f3, Lizeth Monge Garc\u00eda.<\/p>\n<p align=\"left\">\n<p align=\"left\">\u201cVine a sacar un acta de nacimiento de una hija y vine a ver si estaban las tarjetas del cami\u00f3n, que ya la tengo que renovar y a consulta tambi\u00e9n. Pues se me hace muy bien, perfectamente porque hay gente que los medios econ\u00f3micos no tiene, entonces batallas, que bueno que lo traen a distintas colonias para la gente que realmente no puede, lo necesitan realmente. \u00bfQu\u00e9 me queda por decir? Darle las gracias y lo felicito por estas acciones altruistas que nos da a la gente, lo necesitamos y que m\u00e1s que nos lo traen a nuestras colonias directamente\u201d, manifest\u00f3 Ruth Flores Lim\u00f3n.<\/p>\n<p align=\"left\">\n<p align=\"left\">En el evento, el presidente municipal de Cajeme, Javier Lamarque Cano, agradeci\u00f3 al gobernador Alfonso Durazo Monta\u00f1o por llevar a ese municipio la Feria de la Paz, donde se trabaja coordinadamente los tres niveles de gobierno en beneficio de las y los ciudadanos.<\/p>\n","protected":false},"excerpt":{"rendered":"<p>Ciudad Obreg\u00f3n, Sonora; 22 de agosto de 2025.- Con la participaci\u00f3n de m\u00e1s de 55 dependencias de los tres niveles de gobierno se realiz\u00f3 en la colonia Nueva Palmira en Ciudad Obreg\u00f3n la segunda Feria de la Paz, donde cientos de vecinos del sector pudieron acceder a los servicios gratuitos y atenci\u00f3n cercana. Roberto Carlos [&hellip;]<\/p>\n","protected":false},"author":2,"featured_media":227514,"comment_status":"closed","ping_status":"closed","sticky":false,"template":"","format":"standard","meta":{"footnotes":""},"categories":[12870,174],"tags":[12865,12873],"class_list":["post-227513","post","type-post","status-publish","format-standard","has-post-thumbnail","hentry","category-destacadas","category-estatal","tag-destacadas","tag-estatal"],"jetpack_featured_media_url":"https:\/\/rnoticias.com.mx\/Portal\/wp-content\/uploads\/2025\/08\/unnamed-76.jpg","amp_enabled":true,"_links":{"self":[{"href":"https:\/\/rnoticias.com.mx\/Portal\/wp-json\/wp\/v2\/posts\/227513","targetHints":{"allow":["GET"]}}],"collection":[{"href":"https:\/\/rnoticias.com.mx\/Portal\/wp-json\/wp\/v2\/posts"}],"about":[{"href":"https:\/\/rnoticias.com.mx\/Portal\/wp-json\/wp\/v2\/types\/post"}],"author":[{"embeddable":true,"href":"https:\/\/rnoticias.com.mx\/Portal\/wp-json\/wp\/v2\/users\/2"}],"replies":[{"embeddable":true,"href":"https:\/\/rnoticias.com.mx\/Portal\/wp-json\/wp\/v2\/comments?post=227513"}],"version-history":[{"count":1,"href":"https:\/\/rnoticias.com.mx\/Portal\/wp-json\/wp\/v2\/posts\/227513\/revisions"}],"predecessor-version":[{"id":227515,"href":"https:\/\/rnoticias.com.mx\/Portal\/wp-json\/wp\/v2\/posts\/227513\/revisions\/227515"}],"wp:featuredmedia":[{"embeddable":true,"href":"https:\/\/rnoticias.com.mx\/Portal\/wp-json\/wp\/v2\/media\/227514"}],"wp:attachment":[{"href":"https:\/\/rnoticias.com.mx\/Portal\/wp-json\/wp\/v2\/media?parent=227513"}],"wp:term":[{"taxonomy":"category","embeddable":true,"href":"https:\/\/rnoticias.com.mx\/Portal\/wp-json\/wp\/v2\/categories?post=227513"},{"taxonomy":"post_tag","embeddable":true,"href":"https:\/\/rnoticias.com.mx\/Portal\/wp-json\/wp\/v2\/tags?post=227513"}],"curies":[{"name":"wp","href":"https:\/\/api.w.org\/{rel}","templated":true}]}}