{"id":227506,"date":"2025-08-22T14:02:38","date_gmt":"2025-08-22T21:02:38","guid":{"rendered":"https:\/\/rnoticias.com.mx\/Portal\/?p=227506"},"modified":"2025-08-22T14:02:38","modified_gmt":"2025-08-22T21:02:38","slug":"desmiente-gobierno-de-cdmx-publicacion-fake-sobre-concierto-de-shakira","status":"publish","type":"post","link":"https:\/\/rnoticias.com.mx\/Portal\/2025\/08\/22\/desmiente-gobierno-de-cdmx-publicacion-fake-sobre-concierto-de-shakira\/","title":{"rendered":"Desmiente Gobierno de CDMX publicaci\u00f3n &#8216;fake&#8217; sobre concierto de Shakira"},"content":{"rendered":"<p class=\"nota-justify\"><i>Ciudad de M\u00e9xico.<\/i>\u00a0Los cibernautas amanecieron este viernes con la noticia de que la cantante colombiana Shakira se presentar\u00eda en el Z\u00f3calo capitalino, difundida por la p\u00e1gina de Facebook Daemoniaca. Durante varias horas la publicaci\u00f3n estaba visible y luego, aparentemente, fue eliminada.<\/p>\n<p class=\"nota-justify\">Con respecto esa publicaci\u00f3n que circul\u00f3 en redes sociales, la\u00a0Secretar\u00eda de Cultura de la Ciudad de M\u00e9xico\u00a0inform\u00f3 que se trata de una\u00a0noticia falsa\u00a0y no se tiene programado ning\u00fan concierto masivo de entrada libre en la Ciudad de M\u00e9xico con dicha artista.<\/p>\n<p class=\"nota-justify\">Las siguientes presentaciones en el pa\u00eds ser\u00e1n 23 en el Parque Fundidora de Monterrey y 26, 27, 29 y 30 de agosto en el Estadio GNP Seguros de la ciudad de M\u00e9xico, se despide de tierras mexicanas el 18 de septiembre, presentaciones incluidas en su gira titulada\u00a0<i>Las mujeres ya no lloran Tour<\/i>.<\/p>\n<p>&nbsp;<\/p>\n<p>La Jornada<\/p>\n","protected":false},"excerpt":{"rendered":"<p>Ciudad de M\u00e9xico.\u00a0Los cibernautas amanecieron este viernes con la noticia de que la cantante colombiana Shakira se presentar\u00eda en el Z\u00f3calo capitalino, difundida por la p\u00e1gina de Facebook Daemoniaca. Durante varias horas la publicaci\u00f3n estaba visible y luego, aparentemente, fue eliminada. Con respecto esa publicaci\u00f3n que circul\u00f3 en redes sociales, la\u00a0Secretar\u00eda de Cultura de la [&hellip;]<\/p>\n","protected":false},"author":2,"featured_media":227507,"comment_status":"closed","ping_status":"closed","sticky":false,"template":"","format":"standard","meta":{"footnotes":""},"categories":[12870,219],"tags":[12865,12875],"class_list":["post-227506","post","type-post","status-publish","format-standard","has-post-thumbnail","hentry","category-destacadas","category-espectaculos","tag-destacadas","tag-espectaculos"],"jetpack_featured_media_url":"https:\/\/rnoticias.com.mx\/Portal\/wp-content\/uploads\/2025\/08\/QPLFFANYEZHVFOI34D4IIMISPU.jpg","amp_enabled":true,"_links":{"self":[{"href":"https:\/\/rnoticias.com.mx\/Portal\/wp-json\/wp\/v2\/posts\/227506","targetHints":{"allow":["GET"]}}],"collection":[{"href":"https:\/\/rnoticias.com.mx\/Portal\/wp-json\/wp\/v2\/posts"}],"about":[{"href":"https:\/\/rnoticias.com.mx\/Portal\/wp-json\/wp\/v2\/types\/post"}],"author":[{"embeddable":true,"href":"https:\/\/rnoticias.com.mx\/Portal\/wp-json\/wp\/v2\/users\/2"}],"replies":[{"embeddable":true,"href":"https:\/\/rnoticias.com.mx\/Portal\/wp-json\/wp\/v2\/comments?post=227506"}],"version-history":[{"count":1,"href":"https:\/\/rnoticias.com.mx\/Portal\/wp-json\/wp\/v2\/posts\/227506\/revisions"}],"predecessor-version":[{"id":227508,"href":"https:\/\/rnoticias.com.mx\/Portal\/wp-json\/wp\/v2\/posts\/227506\/revisions\/227508"}],"wp:featuredmedia":[{"embeddable":true,"href":"https:\/\/rnoticias.com.mx\/Portal\/wp-json\/wp\/v2\/media\/227507"}],"wp:attachment":[{"href":"https:\/\/rnoticias.com.mx\/Portal\/wp-json\/wp\/v2\/media?parent=227506"}],"wp:term":[{"taxonomy":"category","embeddable":true,"href":"https:\/\/rnoticias.com.mx\/Portal\/wp-json\/wp\/v2\/categories?post=227506"},{"taxonomy":"post_tag","embeddable":true,"href":"https:\/\/rnoticias.com.mx\/Portal\/wp-json\/wp\/v2\/tags?post=227506"}],"curies":[{"name":"wp","href":"https:\/\/api.w.org\/{rel}","templated":true}]}}