{"id":227500,"date":"2025-08-22T13:51:20","date_gmt":"2025-08-22T20:51:20","guid":{"rendered":"https:\/\/rnoticias.com.mx\/Portal\/?p=227500"},"modified":"2025-08-22T13:51:20","modified_gmt":"2025-08-22T20:51:20","slug":"onu-declara-oficialmente-hambruna-en-gaza-y-acusa-a-israel-de-ser-el-responsable","status":"publish","type":"post","link":"https:\/\/rnoticias.com.mx\/Portal\/2025\/08\/22\/onu-declara-oficialmente-hambruna-en-gaza-y-acusa-a-israel-de-ser-el-responsable\/","title":{"rendered":"ONU declara oficialmente hambruna en Gaza y acusa a Israel de ser el responsable"},"content":{"rendered":"<p>La\u00a0<strong>ONU reivindic\u00f3 este viernes que la declaraci\u00f3n de hambruna en la Franja de Gaza<\/strong>\u00a0debe\u00a0<strong>&#8220;llevar a la acci\u00f3n&#8221;,<\/strong>\u00a0defendi\u00f3 la rigurosidad del informe de la CIF y dijo esperar que la &#8220;atenci\u00f3n del mundo&#8221; vuelva al enclave para evitar as\u00ed m\u00e1s muertes.<\/p>\n<p>As\u00ed lo transmitieron responsables de la Organizaci\u00f3n de la ONU para la Alimentaci\u00f3n y la Agricultura (FAO), el Programa Mundial de Alimentos (PMA) y el Fondo de la ONU para la Infancia (UNICEF) en una intervenci\u00f3n virtual en la sede de la organizaci\u00f3n en Nueva York.<\/p>\n<p><strong>&#8220;La declaraci\u00f3n de hambruna solo es importante en la medida en que lleve a la acci\u00f3n, y lo que esperamos hoy es que la atenci\u00f3n del mundo vuelva a Gaza con una respuesta de apoyo&#8221;,<\/strong>\u00a0urgi\u00f3 el director de Seguridad Alimentaria del PMA, Jean-Martin Bauer.<\/p>\n<p>Mientras, Samir Elhawary, el director adjunto en funciones de los Programas de Emergencia de UNICEF, afirm\u00f3 que el informe\u00a0<strong>&#8220;debe generar un cambio, y las recomendaciones para acciones pr\u00e1cticas para evitar perder m\u00e1s vidas est\u00e1n alistadas&#8221;,<\/strong>\u00a0por lo que pidi\u00f3 &#8220;mayor voluntad&#8221; para ejecutarlas.<\/p>\n<p>La CIF (Clasificaci\u00f3n Integrada de Fases de la Seguridad Alimentaria), el sistema internacional independiente sobre seguridad alimentaria m\u00e1s reconocido y avalado por la ONU, concluy\u00f3 que la gobernaci\u00f3n de Gaza, la zona m\u00e1s habitada de la franja, est\u00e1 en hambruna (fase 5 de la clasificaci\u00f3n).<\/p>\n<p>Tambi\u00e9n advirti\u00f3 que las gobernaciones del sur de Jan Yunis y Deir el Balah est\u00e1n en emergencia (fase 4) y\u00a0<strong>podr\u00edan entrar pronto en hambruna.<\/strong><\/p>\n<p>Bauer, preguntado por el escepticismo de Israel sobre el informe, defendi\u00f3 que se trata del &#8220;criterio de referencia&#8221; y se\u00f1al\u00f3 que el factor clave es\u00a0<strong>&#8220;el incremento exponencial en la malnutrici\u00f3n infantil&#8221;<\/strong>\u00a0en la gobernaci\u00f3n de Gaza, y espec\u00edficamente en la ciudad de Gaza.<\/p>\n<p>Rein Paulsen, director de la Oficina de Emergencias y Resiliencia de la FAO, por su parte, enfatiz\u00f3 la importancia de aplicar las recomendaciones del informe y destac\u00f3 que un\u00a0<strong>&#8220;prerrequisito fundamental&#8221;\u00a0<\/strong>es un alto el fuego, sumado a la capacidad de operar a escala.<\/p>\n<p>El responsable de UNICEF matiz\u00f3 que se necesita un\u00a0<strong>&#8220;aumento a escala no solo de un tipo de asistencia&#8221;<\/strong>, la alimentaria, sino tambi\u00e9n de acceso a agua saneada, esencial para el sistema sanitario y servicios b\u00e1sicos, pues ha habido<strong>\u00a0&#8220;mejoras muy modestas&#8221;<\/strong>\u00a0por debajo de los m\u00ednimos.<\/p>\n<p><strong>&#8220;No es solo un problema el aumentar la disponibilidad y el acceso a la comida en la Franja de Gaza, sino asegurar que pueden recibir el tratamiento adecuado, ir a centros de nutrici\u00f3n, recibir alimentaci\u00f3n terap\u00e9utica y la atenci\u00f3n de salud adecuada&#8221;<\/strong>, subray\u00f3 Elhawary.<\/p>\n<p>&nbsp;<\/p>\n<p>Fuente: EFE<\/p>\n","protected":false},"excerpt":{"rendered":"<p>La\u00a0ONU reivindic\u00f3 este viernes que la declaraci\u00f3n de hambruna en la Franja de Gaza\u00a0debe\u00a0&#8220;llevar a la acci\u00f3n&#8221;,\u00a0defendi\u00f3 la rigurosidad del informe de la CIF y dijo esperar que la &#8220;atenci\u00f3n del mundo&#8221; vuelva al enclave para evitar as\u00ed m\u00e1s muertes. As\u00ed lo transmitieron responsables de la Organizaci\u00f3n de la ONU para la Alimentaci\u00f3n y la [&hellip;]<\/p>\n","protected":false},"author":2,"featured_media":227501,"comment_status":"closed","ping_status":"closed","sticky":false,"template":"","format":"standard","meta":{"footnotes":""},"categories":[12870,182],"tags":[12865,12871],"class_list":["post-227500","post","type-post","status-publish","format-standard","has-post-thumbnail","hentry","category-destacadas","category-internacional","tag-destacadas","tag-internacional"],"jetpack_featured_media_url":"https:\/\/rnoticias.com.mx\/Portal\/wp-content\/uploads\/2025\/08\/2025-07-28T103044Z-945541964-RC2MVFA57A8S-RTRMADP-3-ISRAEL-PALESTINIANS-GAZA-HUNGER.jpg","amp_enabled":true,"_links":{"self":[{"href":"https:\/\/rnoticias.com.mx\/Portal\/wp-json\/wp\/v2\/posts\/227500","targetHints":{"allow":["GET"]}}],"collection":[{"href":"https:\/\/rnoticias.com.mx\/Portal\/wp-json\/wp\/v2\/posts"}],"about":[{"href":"https:\/\/rnoticias.com.mx\/Portal\/wp-json\/wp\/v2\/types\/post"}],"author":[{"embeddable":true,"href":"https:\/\/rnoticias.com.mx\/Portal\/wp-json\/wp\/v2\/users\/2"}],"replies":[{"embeddable":true,"href":"https:\/\/rnoticias.com.mx\/Portal\/wp-json\/wp\/v2\/comments?post=227500"}],"version-history":[{"count":1,"href":"https:\/\/rnoticias.com.mx\/Portal\/wp-json\/wp\/v2\/posts\/227500\/revisions"}],"predecessor-version":[{"id":227502,"href":"https:\/\/rnoticias.com.mx\/Portal\/wp-json\/wp\/v2\/posts\/227500\/revisions\/227502"}],"wp:featuredmedia":[{"embeddable":true,"href":"https:\/\/rnoticias.com.mx\/Portal\/wp-json\/wp\/v2\/media\/227501"}],"wp:attachment":[{"href":"https:\/\/rnoticias.com.mx\/Portal\/wp-json\/wp\/v2\/media?parent=227500"}],"wp:term":[{"taxonomy":"category","embeddable":true,"href":"https:\/\/rnoticias.com.mx\/Portal\/wp-json\/wp\/v2\/categories?post=227500"},{"taxonomy":"post_tag","embeddable":true,"href":"https:\/\/rnoticias.com.mx\/Portal\/wp-json\/wp\/v2\/tags?post=227500"}],"curies":[{"name":"wp","href":"https:\/\/api.w.org\/{rel}","templated":true}]}}