{"id":227497,"date":"2025-08-22T13:44:50","date_gmt":"2025-08-22T20:44:50","guid":{"rendered":"https:\/\/rnoticias.com.mx\/Portal\/?p=227497"},"modified":"2025-08-22T13:44:50","modified_gmt":"2025-08-22T20:44:50","slug":"el-congreso-de-sonora-reconoce-el-trabajo-de-bomberos-con-conferencia","status":"publish","type":"post","link":"https:\/\/rnoticias.com.mx\/Portal\/2025\/08\/22\/el-congreso-de-sonora-reconoce-el-trabajo-de-bomberos-con-conferencia\/","title":{"rendered":"El Congreso de Sonora reconoce el trabajo de bomberos con conferencia"},"content":{"rendered":"<p>Hermosillo, Sonora; 21 de agosto de 2025.- En el marco de la conmemoraci\u00f3n del D\u00eda del Bombero, que se celebra el pr\u00f3ximo 22 de agosto, la Comisi\u00f3n de Salud del Congreso del Estado llev\u00f3 a cabo la conferencia \u201cBomberos y sus retos\u201d, con el prop\u00f3sito de reconocer la labor que diariamente realizan quienes integran este cuerpo de auxilio, as\u00ed como reflexionar sobre las condiciones, desaf\u00edos y necesidades que enfrentan en el ejercicio de su tarea.<\/p>\n<p>La diputada Amairany Pe\u00f1a Escalante (PES), organizadora del evento, destac\u00f3 la labor que desempe\u00f1an estos trabajadores esenciales, subrayando que se trata de una profesi\u00f3n que demanda disciplina y un profundo sentido de servicio a la comunidad. Reiter\u00f3 que, desde el Poder Legislativo, se continuar\u00e1 trabajando en acciones legislativas que fortalezcan sus derechos laborales, su capacitaci\u00f3n permanente y la infraestructura necesaria para que desempe\u00f1en sus funciones con mayor seguridad y eficacia.<\/p>\n<p>Como expositor particip\u00f3 Luis Arturo Daniel T\u00e9llez, secretario de Capacitaci\u00f3n y Vinculaci\u00f3n del Sindicato \u00danico de Bomberos de Hermosillo, quien comparti\u00f3 con las y los asistentes diversas experiencias vividas en el servicio, destacando el esfuerzo, la disciplina y la preparaci\u00f3n constante que exige esta profesi\u00f3n.<\/p>\n<p>Durante su intervenci\u00f3n, el ponente se\u00f1al\u00f3 los retos que enfrenta el personal de bomberos en lo relativo al impacto de la exposici\u00f3n a riesgos permanentes sobre su salud f\u00edsica y emocional, as\u00ed como las necesidades en materia de infraestructura, recursos materiales, capacitaci\u00f3n, profesionalizaci\u00f3n, presupuestos y cultura ciudadana. Asimismo, detall\u00f3 que en Hermosillo se cuenta con 218 elementos distribuidos en seis estaciones, quienes permanecen atentos las 24 horas del d\u00eda para atender cualquier situaci\u00f3n de emergencia.<\/p>\n<p>Estuvieron presentes diputadas y diputados integrantes de la 64 Legislatura, as\u00ed como Jes\u00fas Fierro Romo, secretario general del Sindicato \u00danico de Bomberos de Hermosillo; Francisco Javier Ram\u00edrez Ibarra, subcomandante; delegados de estaci\u00f3n, jefes de turno, bomberos agremiados y voluntarios de Hermosillo, Navojoa, Obreg\u00f3n, Nogales y Guaymas.<\/p>\n","protected":false},"excerpt":{"rendered":"<p>Hermosillo, Sonora; 21 de agosto de 2025.- En el marco de la conmemoraci\u00f3n del D\u00eda del Bombero, que se celebra el pr\u00f3ximo 22 de agosto, la Comisi\u00f3n de Salud del Congreso del Estado llev\u00f3 a cabo la conferencia \u201cBomberos y sus retos\u201d, con el prop\u00f3sito de reconocer la labor que diariamente realizan quienes integran este [&hellip;]<\/p>\n","protected":false},"author":2,"featured_media":227498,"comment_status":"closed","ping_status":"closed","sticky":false,"template":"","format":"standard","meta":{"footnotes":""},"categories":[12870,12868],"tags":[12865,12879],"class_list":["post-227497","post","type-post","status-publish","format-standard","has-post-thumbnail","hentry","category-destacadas","category-politica","tag-destacadas","tag-politica"],"jetpack_featured_media_url":"https:\/\/rnoticias.com.mx\/Portal\/wp-content\/uploads\/2025\/08\/e4336eb5-ff15-4d5f-a712-ec71735637fd.jpg","amp_enabled":true,"_links":{"self":[{"href":"https:\/\/rnoticias.com.mx\/Portal\/wp-json\/wp\/v2\/posts\/227497","targetHints":{"allow":["GET"]}}],"collection":[{"href":"https:\/\/rnoticias.com.mx\/Portal\/wp-json\/wp\/v2\/posts"}],"about":[{"href":"https:\/\/rnoticias.com.mx\/Portal\/wp-json\/wp\/v2\/types\/post"}],"author":[{"embeddable":true,"href":"https:\/\/rnoticias.com.mx\/Portal\/wp-json\/wp\/v2\/users\/2"}],"replies":[{"embeddable":true,"href":"https:\/\/rnoticias.com.mx\/Portal\/wp-json\/wp\/v2\/comments?post=227497"}],"version-history":[{"count":1,"href":"https:\/\/rnoticias.com.mx\/Portal\/wp-json\/wp\/v2\/posts\/227497\/revisions"}],"predecessor-version":[{"id":227499,"href":"https:\/\/rnoticias.com.mx\/Portal\/wp-json\/wp\/v2\/posts\/227497\/revisions\/227499"}],"wp:featuredmedia":[{"embeddable":true,"href":"https:\/\/rnoticias.com.mx\/Portal\/wp-json\/wp\/v2\/media\/227498"}],"wp:attachment":[{"href":"https:\/\/rnoticias.com.mx\/Portal\/wp-json\/wp\/v2\/media?parent=227497"}],"wp:term":[{"taxonomy":"category","embeddable":true,"href":"https:\/\/rnoticias.com.mx\/Portal\/wp-json\/wp\/v2\/categories?post=227497"},{"taxonomy":"post_tag","embeddable":true,"href":"https:\/\/rnoticias.com.mx\/Portal\/wp-json\/wp\/v2\/tags?post=227497"}],"curies":[{"name":"wp","href":"https:\/\/api.w.org\/{rel}","templated":true}]}}