{"id":227494,"date":"2025-08-22T13:43:44","date_gmt":"2025-08-22T20:43:44","guid":{"rendered":"https:\/\/rnoticias.com.mx\/Portal\/?p=227494"},"modified":"2025-08-22T13:43:44","modified_gmt":"2025-08-22T20:43:44","slug":"discute-congreso-de-sonora-fortalecimiento-del-marco-legal-contra-la-violencia-sexual-en-adolescentes","status":"publish","type":"post","link":"https:\/\/rnoticias.com.mx\/Portal\/2025\/08\/22\/discute-congreso-de-sonora-fortalecimiento-del-marco-legal-contra-la-violencia-sexual-en-adolescentes\/","title":{"rendered":"Discute Congreso de Sonora fortalecimiento del marco legal contra la violencia sexual en adolescentes"},"content":{"rendered":"<p>Hermosillo, Sonora; 22 de agosto de 2025.- Con el prop\u00f3sito de abrir espacios de an\u00e1lisis y reflexi\u00f3n que contribuyan a la concientizaci\u00f3n ciudadana respecto al consentimiento y la violencia sexual en adolescentes, la Comisi\u00f3n para la Igualdad de G\u00e9nero llev\u00f3 a cabo, en el Congreso del Estado, un encuentro enfocado en la importancia de fortalecer el marco legal en la materia.<\/p>\n<p>Este ejercicio se realiz\u00f3 en coordinaci\u00f3n con las organizaciones Enigualdad y Equality Now, con el objetivo de armonizar la legislaci\u00f3n local con los est\u00e1ndares internacionales en materia de derechos humanos y garantizar una mayor protecci\u00f3n a ni\u00f1as, ni\u00f1os y adolescentes frente a situaciones de violencia sexual.<\/p>\n<p>Durante el primer bloque, se present\u00f3 la conferencia magistral \u201c\u00bfPor qu\u00e9 es necesario legislar los delitos de violencia sexual desde los est\u00e1ndares del derecho internacional?\u201d, a cargo de Ana Elena Obando Mendoza, representante de Equality Now, quien destac\u00f3 la relevancia de adecuar las leyes locales a los compromisos internacionales, as\u00ed como la necesidad de visibilizar las problem\u00e1ticas que enfrentan las juventudes ante contextos de vulnerabilidad y falta de acceso a la justicia.<\/p>\n<p>Posteriormente, se llev\u00f3 a cabo un panel de discusi\u00f3n en el que participaron la diputada Deni Gastel\u00fam Barreras (Morena), Gabriela Herrera y Elizabeth Pl\u00e1cido R\u00edos. Durante el intercambio de ideas se abordaron diversos temas relacionados con la prevenci\u00f3n, atenci\u00f3n y sanci\u00f3n de la violencia sexual, enfatizando la importancia de generar pol\u00edticas p\u00fablicas que garanticen la seguridad e integridad de ni\u00f1as, ni\u00f1os y adolescentes.<\/p>\n<p>El encuentro concluy\u00f3 con una din\u00e1mica de preguntas y respuestas, en la que el p\u00fablico asistente tuvo la oportunidad de entablar un di\u00e1logo directo con las y los ponentes, y compartir sus inquietudes.<\/p>\n<p>En representaci\u00f3n del Poder Legislativo estuvieron presentes los diputados Ren\u00e9 Garc\u00eda Rojo (PT) y Ra\u00fal Gonz\u00e1lez de la Vega, adem\u00e1s de integrantes de la sociedad civil, activistas y representantes de diversas organizaciones.<\/p>\n","protected":false},"excerpt":{"rendered":"<p>Hermosillo, Sonora; 22 de agosto de 2025.- Con el prop\u00f3sito de abrir espacios de an\u00e1lisis y reflexi\u00f3n que contribuyan a la concientizaci\u00f3n ciudadana respecto al consentimiento y la violencia sexual en adolescentes, la Comisi\u00f3n para la Igualdad de G\u00e9nero llev\u00f3 a cabo, en el Congreso del Estado, un encuentro enfocado en la importancia de fortalecer [&hellip;]<\/p>\n","protected":false},"author":2,"featured_media":227495,"comment_status":"closed","ping_status":"closed","sticky":false,"template":"","format":"standard","meta":{"footnotes":""},"categories":[12870,12868],"tags":[12865,12879],"class_list":["post-227494","post","type-post","status-publish","format-standard","has-post-thumbnail","hentry","category-destacadas","category-politica","tag-destacadas","tag-politica"],"jetpack_featured_media_url":"https:\/\/rnoticias.com.mx\/Portal\/wp-content\/uploads\/2025\/08\/a8fcd4a0-170d-4621-b1e8-230cc0b7e8d8.jpg","amp_enabled":true,"_links":{"self":[{"href":"https:\/\/rnoticias.com.mx\/Portal\/wp-json\/wp\/v2\/posts\/227494","targetHints":{"allow":["GET"]}}],"collection":[{"href":"https:\/\/rnoticias.com.mx\/Portal\/wp-json\/wp\/v2\/posts"}],"about":[{"href":"https:\/\/rnoticias.com.mx\/Portal\/wp-json\/wp\/v2\/types\/post"}],"author":[{"embeddable":true,"href":"https:\/\/rnoticias.com.mx\/Portal\/wp-json\/wp\/v2\/users\/2"}],"replies":[{"embeddable":true,"href":"https:\/\/rnoticias.com.mx\/Portal\/wp-json\/wp\/v2\/comments?post=227494"}],"version-history":[{"count":1,"href":"https:\/\/rnoticias.com.mx\/Portal\/wp-json\/wp\/v2\/posts\/227494\/revisions"}],"predecessor-version":[{"id":227496,"href":"https:\/\/rnoticias.com.mx\/Portal\/wp-json\/wp\/v2\/posts\/227494\/revisions\/227496"}],"wp:featuredmedia":[{"embeddable":true,"href":"https:\/\/rnoticias.com.mx\/Portal\/wp-json\/wp\/v2\/media\/227495"}],"wp:attachment":[{"href":"https:\/\/rnoticias.com.mx\/Portal\/wp-json\/wp\/v2\/media?parent=227494"}],"wp:term":[{"taxonomy":"category","embeddable":true,"href":"https:\/\/rnoticias.com.mx\/Portal\/wp-json\/wp\/v2\/categories?post=227494"},{"taxonomy":"post_tag","embeddable":true,"href":"https:\/\/rnoticias.com.mx\/Portal\/wp-json\/wp\/v2\/tags?post=227494"}],"curies":[{"name":"wp","href":"https:\/\/api.w.org\/{rel}","templated":true}]}}