{"id":227491,"date":"2025-08-22T13:09:41","date_gmt":"2025-08-22T20:09:41","guid":{"rendered":"https:\/\/rnoticias.com.mx\/Portal\/?p=227491"},"modified":"2025-08-22T13:09:41","modified_gmt":"2025-08-22T20:09:41","slug":"anuncia-gobierno-de-sonora-la-cuarta-edicion-de-la-feria-de-la-ciencia-y-tecnologia-unisierra","status":"publish","type":"post","link":"https:\/\/rnoticias.com.mx\/Portal\/2025\/08\/22\/anuncia-gobierno-de-sonora-la-cuarta-edicion-de-la-feria-de-la-ciencia-y-tecnologia-unisierra\/","title":{"rendered":"Anuncia Gobierno de Sonora la cuarta edici\u00f3n de la Feria de la Ciencia y Tecnolog\u00eda: Unisierra"},"content":{"rendered":"<table class=\"m_-1998463531100765284text\" border=\"0\" width=\"100%\" cellspacing=\"0\" cellpadding=\"0\">\n<tbody>\n<tr>\n<td class=\"m_-1998463531100765284text_content-cell m_-1998463531100765284content-padding-horizontal\" align=\"center\" valign=\"top\">\n<p align=\"justify\">Moctezuma, Sonora; 22 de agosto de 2025.- Como parte del compromiso de fortalecer la investigaci\u00f3n, as\u00ed como la creatividad cient\u00edfica y tecnol\u00f3gica entre estudiantes de nivel b\u00e1sico, medio superior y superior de la regi\u00f3n serrana de Sonora, la Universidad de la Sierra (Unisierra) llevar\u00e1 a cabo la cuarta edici\u00f3n de la Feria de la Ciencia y Tecnolog\u00eda (Feriacyt).<\/p>\n<p align=\"justify\">Este a\u00f1o, el evento contar\u00e1 con nueve subsedes en planteles ubicados en Moctezuma, donde la actividad comenzar\u00e1 el martes 30 de septiembre, para continuar en N\u00e1cori Chico, Nacozari de Garc\u00eda, Cumpas, Granados, Bacerac, Esqueda y Sahuaripa.<\/p>\n<p align=\"justify\">Juan Carlos Avil\u00e9s Miranda, rector de la Unisierra, detall\u00f3 que la cuarta edici\u00f3n se distingue por su enfoque participativo y descentralizado, buscando acercar el conocimiento a cada rinc\u00f3n de la sierra sonorense, a trav\u00e9s de talleres, exposiciones, din\u00e1micas interactivas y presentaciones de proyectos escolares que buscan promover el pensamiento cr\u00edtico, la innovaci\u00f3n local y el reconocimiento del talento estudiantil.<\/p>\n<p align=\"justify\">Record\u00f3 que, en la anterior edici\u00f3n, la Unisierra logr\u00f3 convocar a m\u00e1s de tres mil estudiantes provenientes de m\u00e1s de 18 municipios serranos, quienes participaron activamente en conferencias, demostraciones cient\u00edficas y presentaciones de proyectos en \u00e1reas como qu\u00edmica, f\u00edsica, biolog\u00eda, matem\u00e1ticas, salud, mecatr\u00f3nica y desarrollo de software.<\/p>\n<p align=\"justify\">Se presentaron 101 proyectos escolares, reflejando el compromiso de los j\u00f3venes con el aprendizaje significativo y la soluci\u00f3n de problemas reales desde sus contextos locales. La edici\u00f3n tambi\u00e9n destac\u00f3 por las alianzas estrat\u00e9gicas con instituciones como el Consejo Estatal de Ciencia y Tecnolog\u00eda (Coecyt) y la Sociedad Latinoamericana de Ciencia y Tecnolog\u00eda (Solacyt).<\/p>\n<p align=\"justify\">Con esta trayectoria, la edici\u00f3n 2025 se proyecta como una plataforma a\u00fan m\u00e1s robusta para el intercambio de saberes, el desarrollo de vocaciones cient\u00edficas y el fortalecimiento de la identidad regional a trav\u00e9s del conocimiento.<\/p>\n<\/td>\n<\/tr>\n<\/tbody>\n<\/table>\n<table class=\"m_-1998463531100765284image m_-1998463531100765284image--mobile-scale m_-1998463531100765284image--mobile-center\" border=\"0\" width=\"100%\" cellspacing=\"0\" cellpadding=\"0\">\n<tbody>\n<tr>\n<td class=\"m_-1998463531100765284image_container m_-1998463531100765284content-padding-horizontal\" align=\"center\" valign=\"top\">\n<table class=\"m_-1998463531100765284text\" border=\"0\" cellspacing=\"0\" cellpadding=\"0\">\n<tbody>\n<tr>\n<td class=\"m_-1998463531100765284text_content-cell\" align=\"center\"><\/td>\n<\/tr>\n<\/tbody>\n<\/table>\n<\/td>\n<\/tr>\n<\/tbody>\n<\/table>\n","protected":false},"excerpt":{"rendered":"<p>Moctezuma, Sonora; 22 de agosto de 2025.- Como parte del compromiso de fortalecer la investigaci\u00f3n, as\u00ed como la creatividad cient\u00edfica y tecnol\u00f3gica entre estudiantes de nivel b\u00e1sico, medio superior y superior de la regi\u00f3n serrana de Sonora, la Universidad de la Sierra (Unisierra) llevar\u00e1 a cabo la cuarta edici\u00f3n de la Feria de la Ciencia [&hellip;]<\/p>\n","protected":false},"author":2,"featured_media":227492,"comment_status":"closed","ping_status":"closed","sticky":false,"template":"","format":"standard","meta":{"footnotes":""},"categories":[174],"tags":[12873],"class_list":["post-227491","post","type-post","status-publish","format-standard","has-post-thumbnail","hentry","category-estatal","tag-estatal"],"jetpack_featured_media_url":"https:\/\/rnoticias.com.mx\/Portal\/wp-content\/uploads\/2025\/08\/897.jpg","amp_enabled":true,"_links":{"self":[{"href":"https:\/\/rnoticias.com.mx\/Portal\/wp-json\/wp\/v2\/posts\/227491","targetHints":{"allow":["GET"]}}],"collection":[{"href":"https:\/\/rnoticias.com.mx\/Portal\/wp-json\/wp\/v2\/posts"}],"about":[{"href":"https:\/\/rnoticias.com.mx\/Portal\/wp-json\/wp\/v2\/types\/post"}],"author":[{"embeddable":true,"href":"https:\/\/rnoticias.com.mx\/Portal\/wp-json\/wp\/v2\/users\/2"}],"replies":[{"embeddable":true,"href":"https:\/\/rnoticias.com.mx\/Portal\/wp-json\/wp\/v2\/comments?post=227491"}],"version-history":[{"count":1,"href":"https:\/\/rnoticias.com.mx\/Portal\/wp-json\/wp\/v2\/posts\/227491\/revisions"}],"predecessor-version":[{"id":227493,"href":"https:\/\/rnoticias.com.mx\/Portal\/wp-json\/wp\/v2\/posts\/227491\/revisions\/227493"}],"wp:featuredmedia":[{"embeddable":true,"href":"https:\/\/rnoticias.com.mx\/Portal\/wp-json\/wp\/v2\/media\/227492"}],"wp:attachment":[{"href":"https:\/\/rnoticias.com.mx\/Portal\/wp-json\/wp\/v2\/media?parent=227491"}],"wp:term":[{"taxonomy":"category","embeddable":true,"href":"https:\/\/rnoticias.com.mx\/Portal\/wp-json\/wp\/v2\/categories?post=227491"},{"taxonomy":"post_tag","embeddable":true,"href":"https:\/\/rnoticias.com.mx\/Portal\/wp-json\/wp\/v2\/tags?post=227491"}],"curies":[{"name":"wp","href":"https:\/\/api.w.org\/{rel}","templated":true}]}}