{"id":227488,"date":"2025-08-22T13:09:01","date_gmt":"2025-08-22T20:09:01","guid":{"rendered":"https:\/\/rnoticias.com.mx\/Portal\/?p=227488"},"modified":"2025-08-22T13:09:01","modified_gmt":"2025-08-22T20:09:01","slug":"fortalece-gobierno-de-sonora-desarrollo-economico-del-rio-sonora-con-carreras-acordes-a-la-vocacion-regional","status":"publish","type":"post","link":"https:\/\/rnoticias.com.mx\/Portal\/2025\/08\/22\/fortalece-gobierno-de-sonora-desarrollo-economico-del-rio-sonora-con-carreras-acordes-a-la-vocacion-regional\/","title":{"rendered":"Fortalece Gobierno de Sonora desarrollo econ\u00f3mico del R\u00edo Sonora con carreras acordes a la vocaci\u00f3n regional"},"content":{"rendered":"<p align=\"justify\">Etchojoa, Sonora; 22 de agosto de 2025.- Como parte del compromiso del gobernador Alfonso Durazo de fortalecer la educaci\u00f3n superior en la regi\u00f3n del R\u00edo Sonora, la Universidad Tecnol\u00f3gica de Etchojoa (UTE) y la Universidad Tecnol\u00f3gica de Hermosillo (UTH) unen esfuerzos para la apertura de la carrera de Ingenier\u00eda en Agricultura Sustentable y Protegida en la UTH Extensi\u00f3n Ures.<\/p>\n<p align=\"justify\">El rector de la UTE, Jos\u00e9 F\u00e9lix G\u00f3mez, y el rector de la UTH, Abel Leyva Castellanos, establecieron una alianza estrat\u00e9gica para promover el desarrollo regional a trav\u00e9s de la educaci\u00f3n de excelencia, aprovechando la experiencia de la UTE en el \u00e1rea agr\u00edcola.<\/p>\n<p align=\"justify\">Resaltaron la importancia de implementar una oferta acad\u00e9mica dise\u00f1ada para responder a las demandas econ\u00f3micas y sociales de la regi\u00f3n, generando nuevas oportunidades para las y los j\u00f3venes, consolidando la econom\u00eda local y contribuyendo al bienestar de las comunidades de la regi\u00f3n de los Tres R\u00edos.<\/p>\n<p align=\"justify\">G\u00f3mez Anduro reafirm\u00f3 el compromiso de la instituci\u00f3n con el desarrollo educativo de Sonora, destacando la disposici\u00f3n de la universidad para colaborar en el fortalecimiento e implementaci\u00f3n de programas acad\u00e9micos en otras universidades tecnol\u00f3gicas que operan en la entidad.<\/p>\n","protected":false},"excerpt":{"rendered":"<p>Etchojoa, Sonora; 22 de agosto de 2025.- Como parte del compromiso del gobernador Alfonso Durazo de fortalecer la educaci\u00f3n superior en la regi\u00f3n del R\u00edo Sonora, la Universidad Tecnol\u00f3gica de Etchojoa (UTE) y la Universidad Tecnol\u00f3gica de Hermosillo (UTH) unen esfuerzos para la apertura de la carrera de Ingenier\u00eda en Agricultura Sustentable y Protegida en [&hellip;]<\/p>\n","protected":false},"author":2,"featured_media":227489,"comment_status":"closed","ping_status":"closed","sticky":false,"template":"","format":"standard","meta":{"footnotes":""},"categories":[174],"tags":[12873],"class_list":["post-227488","post","type-post","status-publish","format-standard","has-post-thumbnail","hentry","category-estatal","tag-estatal"],"jetpack_featured_media_url":"https:\/\/rnoticias.com.mx\/Portal\/wp-content\/uploads\/2025\/08\/unnamed-75.jpg","amp_enabled":true,"_links":{"self":[{"href":"https:\/\/rnoticias.com.mx\/Portal\/wp-json\/wp\/v2\/posts\/227488","targetHints":{"allow":["GET"]}}],"collection":[{"href":"https:\/\/rnoticias.com.mx\/Portal\/wp-json\/wp\/v2\/posts"}],"about":[{"href":"https:\/\/rnoticias.com.mx\/Portal\/wp-json\/wp\/v2\/types\/post"}],"author":[{"embeddable":true,"href":"https:\/\/rnoticias.com.mx\/Portal\/wp-json\/wp\/v2\/users\/2"}],"replies":[{"embeddable":true,"href":"https:\/\/rnoticias.com.mx\/Portal\/wp-json\/wp\/v2\/comments?post=227488"}],"version-history":[{"count":1,"href":"https:\/\/rnoticias.com.mx\/Portal\/wp-json\/wp\/v2\/posts\/227488\/revisions"}],"predecessor-version":[{"id":227490,"href":"https:\/\/rnoticias.com.mx\/Portal\/wp-json\/wp\/v2\/posts\/227488\/revisions\/227490"}],"wp:featuredmedia":[{"embeddable":true,"href":"https:\/\/rnoticias.com.mx\/Portal\/wp-json\/wp\/v2\/media\/227489"}],"wp:attachment":[{"href":"https:\/\/rnoticias.com.mx\/Portal\/wp-json\/wp\/v2\/media?parent=227488"}],"wp:term":[{"taxonomy":"category","embeddable":true,"href":"https:\/\/rnoticias.com.mx\/Portal\/wp-json\/wp\/v2\/categories?post=227488"},{"taxonomy":"post_tag","embeddable":true,"href":"https:\/\/rnoticias.com.mx\/Portal\/wp-json\/wp\/v2\/tags?post=227488"}],"curies":[{"name":"wp","href":"https:\/\/api.w.org\/{rel}","templated":true}]}}