{"id":227485,"date":"2025-08-22T10:10:52","date_gmt":"2025-08-22T17:10:52","guid":{"rendered":"https:\/\/rnoticias.com.mx\/Portal\/?p=227485"},"modified":"2025-08-22T10:10:52","modified_gmt":"2025-08-22T17:10:52","slug":"localiza-gobierno-de-sonora-a-menor-extraviada-en-guaymas","status":"publish","type":"post","link":"https:\/\/rnoticias.com.mx\/Portal\/2025\/08\/22\/localiza-gobierno-de-sonora-a-menor-extraviada-en-guaymas\/","title":{"rendered":"Localiza Gobierno de Sonora a menor extraviada en Guaymas"},"content":{"rendered":"<p align=\"justify\">Guaymas, Sonora, 22 de agosto de 2025.- Con la oportuna intervenci\u00f3n de la Polic\u00eda Estatal de Seguridad P\u00fablica (PESP), se logr\u00f3 ubicar a salvo a una ni\u00f1a de 7 a\u00f1os de edad reportada como extraviada en la colonia Ocotillo, en Guaymas.<\/p>\n<p align=\"justify\">Tras recibirse un reporte en el C5i sobre la ausencia de la menor, de inmediato se implementaron recorridos de b\u00fasqueda en el sector norte de la ciudad.<\/p>\n<p align=\"justify\">Derivado del operativo, los elementos localizaron a la ni\u00f1a en el estacionamiento de un supermercado situado sobre el bulevar Microondas, procediendo a resguardarla y canalizarla a la instancia correspondiente para su protecci\u00f3n y cuidado.<\/p>\n<p align=\"justify\">La Secretar\u00eda de Seguridad P\u00fablica exhorta a la ciudadan\u00eda a marcar al 9-1-1 ante cualquier situaci\u00f3n de emergencia.<\/p>\n","protected":false},"excerpt":{"rendered":"<p>Guaymas, Sonora, 22 de agosto de 2025.- Con la oportuna intervenci\u00f3n de la Polic\u00eda Estatal de Seguridad P\u00fablica (PESP), se logr\u00f3 ubicar a salvo a una ni\u00f1a de 7 a\u00f1os de edad reportada como extraviada en la colonia Ocotillo, en Guaymas. Tras recibirse un reporte en el C5i sobre la ausencia de la menor, de [&hellip;]<\/p>\n","protected":false},"author":2,"featured_media":227486,"comment_status":"closed","ping_status":"closed","sticky":false,"template":"","format":"standard","meta":{"footnotes":""},"categories":[12870,174],"tags":[12865,12873],"class_list":["post-227485","post","type-post","status-publish","format-standard","has-post-thumbnail","hentry","category-destacadas","category-estatal","tag-destacadas","tag-estatal"],"jetpack_featured_media_url":"https:\/\/rnoticias.com.mx\/Portal\/wp-content\/uploads\/2025\/08\/unnamed-74.jpg","amp_enabled":true,"_links":{"self":[{"href":"https:\/\/rnoticias.com.mx\/Portal\/wp-json\/wp\/v2\/posts\/227485","targetHints":{"allow":["GET"]}}],"collection":[{"href":"https:\/\/rnoticias.com.mx\/Portal\/wp-json\/wp\/v2\/posts"}],"about":[{"href":"https:\/\/rnoticias.com.mx\/Portal\/wp-json\/wp\/v2\/types\/post"}],"author":[{"embeddable":true,"href":"https:\/\/rnoticias.com.mx\/Portal\/wp-json\/wp\/v2\/users\/2"}],"replies":[{"embeddable":true,"href":"https:\/\/rnoticias.com.mx\/Portal\/wp-json\/wp\/v2\/comments?post=227485"}],"version-history":[{"count":1,"href":"https:\/\/rnoticias.com.mx\/Portal\/wp-json\/wp\/v2\/posts\/227485\/revisions"}],"predecessor-version":[{"id":227487,"href":"https:\/\/rnoticias.com.mx\/Portal\/wp-json\/wp\/v2\/posts\/227485\/revisions\/227487"}],"wp:featuredmedia":[{"embeddable":true,"href":"https:\/\/rnoticias.com.mx\/Portal\/wp-json\/wp\/v2\/media\/227486"}],"wp:attachment":[{"href":"https:\/\/rnoticias.com.mx\/Portal\/wp-json\/wp\/v2\/media?parent=227485"}],"wp:term":[{"taxonomy":"category","embeddable":true,"href":"https:\/\/rnoticias.com.mx\/Portal\/wp-json\/wp\/v2\/categories?post=227485"},{"taxonomy":"post_tag","embeddable":true,"href":"https:\/\/rnoticias.com.mx\/Portal\/wp-json\/wp\/v2\/tags?post=227485"}],"curies":[{"name":"wp","href":"https:\/\/api.w.org\/{rel}","templated":true}]}}