{"id":227451,"date":"2025-08-21T20:24:26","date_gmt":"2025-08-22T03:24:26","guid":{"rendered":"https:\/\/rnoticias.com.mx\/Portal\/?p=227451"},"modified":"2025-08-21T20:24:26","modified_gmt":"2025-08-22T03:24:26","slug":"ofrece-gobierno-de-sonora-formacion-universitaria-a-poblacion-penitenciaria","status":"publish","type":"post","link":"https:\/\/rnoticias.com.mx\/Portal\/2025\/08\/21\/ofrece-gobierno-de-sonora-formacion-universitaria-a-poblacion-penitenciaria\/","title":{"rendered":"Ofrece Gobierno de Sonora formaci\u00f3n universitaria a poblaci\u00f3n penitenciaria"},"content":{"rendered":"<p>Hermosillo, Sonora; 21 de agosto de 2025.- Un total de 50 personas privadas de la libertad en los Centros de Reinserci\u00f3n Social (Cereso) iniciar\u00e1n estudios universitarios gracias al apoyo y la oportunidad de superaci\u00f3n personal que el Gobierno de Sonora otorga a la poblaci\u00f3n penitenciaria.<\/p>\n<p>El grupo de estudiantes cursar\u00e1 la Licenciatura en Administraci\u00f3n de Empresas de manera virtual, con lo cual fortalecer\u00e1n su desarrollo acad\u00e9mico mediante la adquisici\u00f3n de conocimientos y habilidades laborales. Esto impactar\u00e1 de manera favorable en sus actitudes, manejo de emociones, autoestima, seguridad y confianza.<\/p>\n<p>Para formalizar este beneficio dirigido a la poblaci\u00f3n de los Ceresos en Sonora, dependientes de la Secretar\u00eda de Seguridad P\u00fablica (SSP), se firm\u00f3 un convenio de colaboraci\u00f3n entre la Universidad Estatal de Sonora (UES), el Patronato para la Reinserci\u00f3n Social y el Sistema Estatal Penitenciario.<\/p>\n<p>Por su parte, el secretario de Seguridad P\u00fablica destac\u00f3 que al brindar estudios universitarios a personas privadas de la libertad se contribuye al prop\u00f3sito de la reinserci\u00f3n social que promueve la administraci\u00f3n estatal: ofrecer mayores oportunidades para que hombres y mujeres en reclusi\u00f3n puedan enfrentar los retos del mundo actual al momento de su egreso.<\/p>\n","protected":false},"excerpt":{"rendered":"<p>Hermosillo, Sonora; 21 de agosto de 2025.- Un total de 50 personas privadas de la libertad en los Centros de Reinserci\u00f3n Social (Cereso) iniciar\u00e1n estudios universitarios gracias al apoyo y la oportunidad de superaci\u00f3n personal que el Gobierno de Sonora otorga a la poblaci\u00f3n penitenciaria. El grupo de estudiantes cursar\u00e1 la Licenciatura en Administraci\u00f3n de [&hellip;]<\/p>\n","protected":false},"author":2,"featured_media":227452,"comment_status":"closed","ping_status":"closed","sticky":false,"template":"","format":"standard","meta":{"footnotes":""},"categories":[12870,178],"tags":[12865,12869],"class_list":["post-227451","post","type-post","status-publish","format-standard","has-post-thumbnail","hentry","category-destacadas","category-local","tag-destacadas","tag-local"],"jetpack_featured_media_url":"https:\/\/rnoticias.com.mx\/Portal\/wp-content\/uploads\/2025\/08\/242221.jpg","amp_enabled":true,"_links":{"self":[{"href":"https:\/\/rnoticias.com.mx\/Portal\/wp-json\/wp\/v2\/posts\/227451","targetHints":{"allow":["GET"]}}],"collection":[{"href":"https:\/\/rnoticias.com.mx\/Portal\/wp-json\/wp\/v2\/posts"}],"about":[{"href":"https:\/\/rnoticias.com.mx\/Portal\/wp-json\/wp\/v2\/types\/post"}],"author":[{"embeddable":true,"href":"https:\/\/rnoticias.com.mx\/Portal\/wp-json\/wp\/v2\/users\/2"}],"replies":[{"embeddable":true,"href":"https:\/\/rnoticias.com.mx\/Portal\/wp-json\/wp\/v2\/comments?post=227451"}],"version-history":[{"count":1,"href":"https:\/\/rnoticias.com.mx\/Portal\/wp-json\/wp\/v2\/posts\/227451\/revisions"}],"predecessor-version":[{"id":227453,"href":"https:\/\/rnoticias.com.mx\/Portal\/wp-json\/wp\/v2\/posts\/227451\/revisions\/227453"}],"wp:featuredmedia":[{"embeddable":true,"href":"https:\/\/rnoticias.com.mx\/Portal\/wp-json\/wp\/v2\/media\/227452"}],"wp:attachment":[{"href":"https:\/\/rnoticias.com.mx\/Portal\/wp-json\/wp\/v2\/media?parent=227451"}],"wp:term":[{"taxonomy":"category","embeddable":true,"href":"https:\/\/rnoticias.com.mx\/Portal\/wp-json\/wp\/v2\/categories?post=227451"},{"taxonomy":"post_tag","embeddable":true,"href":"https:\/\/rnoticias.com.mx\/Portal\/wp-json\/wp\/v2\/tags?post=227451"}],"curies":[{"name":"wp","href":"https:\/\/api.w.org\/{rel}","templated":true}]}}