{"id":227445,"date":"2025-08-21T20:14:58","date_gmt":"2025-08-22T03:14:58","guid":{"rendered":"https:\/\/rnoticias.com.mx\/Portal\/?p=227445"},"modified":"2025-08-21T20:14:58","modified_gmt":"2025-08-22T03:14:58","slug":"futuros-trabajadores-sociales-de-hermosillo-y-navojoa-comparten-experiencias","status":"publish","type":"post","link":"https:\/\/rnoticias.com.mx\/Portal\/2025\/08\/21\/futuros-trabajadores-sociales-de-hermosillo-y-navojoa-comparten-experiencias\/","title":{"rendered":"Futuros Trabajadores Sociales de Hermosillo y Navojoa comparten experiencias"},"content":{"rendered":"<p>En el marco del D\u00eda Nacional de las y los Trabajadores Sociales en M\u00e9xico, que se celebra cada 21 de agosto, se llev\u00f3 a cabo el I Encuentro de Trabajo Social Campus Hermosillo \u2013 Campus Navojoa, en el que se destac\u00f3 el papel de la Universidad de Sonora como una de las mejores instituciones del noroeste de M\u00e9xico y del pa\u00eds.<\/p>\n<p>Al tener como sede el campus Hermosillo, estudiantes y profesores de Navojoa se trasladaron a la capital sonorense para participar en este encuentro en el que compartieron experiencias y realizaron conversatorios y conferencias magistrales.<\/p>\n<p>La inauguraci\u00f3n de la jornada estuvo a cargo de C\u00e9sar Octavio Tapia Fonllem, coordinador general de la Facultad Interdisciplinaria de Ciencias Sociales, quien expres\u00f3 que la labor del trabajador social tiene como fin el servir a la comunidad en un momento en que son muchas las vulnerabilidades, y todas pueden ser atendidas por profesionales del ramo.<\/p>\n<p>\u201cLa desgracia de la humanidad es tu trabajo, tiene trabajo el Trabajo Social, pero no vamos a poder incidir en los dem\u00e1s si no armonizamos con nosotros mismos y entre nosotros, as\u00ed que aprovechemos estos momentos, estos encuentros, estas oportunidades\u201d.<\/p>\n<p>\u201cYo lo gozo, me voy de aqu\u00ed y voy a llevar energ\u00eda positiva por d\u00edas porque estoy al lado de ustedes que yo s\u00e9 que los mueven sus sentimientos de servicio, si no, no estuvi\u00e9ramos aqu\u00ed\u201d, comparti\u00f3.<\/p>\n<p>Por su parte, Patricia Moya Grijalva, jefa del Departamento de Trabajo Social, enfatiz\u00f3 que esta disciplina impulsa el desarrollo humano y acompa\u00f1a a las personas para que descubran sus potencialidades y fortalezcan su autonom\u00eda para construir por s\u00ed mismas una vida digna y plena, lo cual genera una transformaci\u00f3n social.<\/p>\n<p>\u201cLa Universidad de Sonora, formadora de estos profesionales, busca que las competencias, es decir, conocimientos,\u00a0 habilidades,\u00a0 actitudes y valores de sus egresados correspondan al perfil de egreso del plan de estudios de Trabajo Social, el cual a su vez responde a la misi\u00f3n y visi\u00f3n universitaria,\u00a0 a los objetivos del programa acad\u00e9mico, a los est\u00e1ndares de calidad nacional e internacional,\u00a0 as\u00ed como a las demandas de empleadores y sociedad que nos posicionan como una de las disciplinas de alta pertinencia\u201d, puntualiz\u00f3.<\/p>\n<p>La anfitriona del evento, record\u00f3 que la universidad ofert\u00f3 por primera vez en 1965 la carrera de Trabajo Social con nivel t\u00e9cnico, y en 1989 cambi\u00f3 a nivel licenciatura; en este tiempo, el plan de estudios ha tenido dos modificaciones, en 2004 y en 2020, y para 2026 proyectan m\u00e1s adecuaciones.<\/p>\n<p>&nbsp;<\/p>\n<p><strong>Trabajo interdepartamental <\/strong><\/p>\n<p>Sobre el I Encuentro de Trabajo Social, Moya Grijalva se\u00f1al\u00f3 que tiene como prop\u00f3sito el compartir experiencias de ense\u00f1anza y aprendizaje, as\u00ed como colaborar para homogenizar conocimientos te\u00f3ricos y pr\u00e1cticos de manera que ambos campus respondan al mismo perfil de egreso.<\/p>\n<p>Del Departamento de Trabajo Social campus Hermosillo estuvieron presentes en la inauguraci\u00f3n Rub\u00e9n Jos\u00e9 Manr\u00edquez Rico, secretario administrativo; Jacobet Rosas Y\u00e9pez, coordinadora de Programa; y Cintia Oddeth Duarte Salom\u00f3n, coordinadora administrativa; as\u00ed como Lilia Elizabeth Anaya Falc\u00f3n, secretaria administrativa del Departamento de Ciencias Sociales del campus Navojoa.<\/p>\n","protected":false},"excerpt":{"rendered":"<p>En el marco del D\u00eda Nacional de las y los Trabajadores Sociales en M\u00e9xico, que se celebra cada 21 de agosto, se llev\u00f3 a cabo el I Encuentro de Trabajo Social Campus Hermosillo \u2013 Campus Navojoa, en el que se destac\u00f3 el papel de la Universidad de Sonora como una de las mejores instituciones del [&hellip;]<\/p>\n","protected":false},"author":2,"featured_media":227446,"comment_status":"closed","ping_status":"closed","sticky":false,"template":"","format":"standard","meta":{"footnotes":""},"categories":[12870,178],"tags":[12865,12869],"class_list":["post-227445","post","type-post","status-publish","format-standard","has-post-thumbnail","hentry","category-destacadas","category-local","tag-destacadas","tag-local"],"jetpack_featured_media_url":"https:\/\/rnoticias.com.mx\/Portal\/wp-content\/uploads\/2025\/08\/ENCUENTRO-DE-TRABAJO-SOCIAL-EN-UNISON-1.jpg","amp_enabled":true,"_links":{"self":[{"href":"https:\/\/rnoticias.com.mx\/Portal\/wp-json\/wp\/v2\/posts\/227445","targetHints":{"allow":["GET"]}}],"collection":[{"href":"https:\/\/rnoticias.com.mx\/Portal\/wp-json\/wp\/v2\/posts"}],"about":[{"href":"https:\/\/rnoticias.com.mx\/Portal\/wp-json\/wp\/v2\/types\/post"}],"author":[{"embeddable":true,"href":"https:\/\/rnoticias.com.mx\/Portal\/wp-json\/wp\/v2\/users\/2"}],"replies":[{"embeddable":true,"href":"https:\/\/rnoticias.com.mx\/Portal\/wp-json\/wp\/v2\/comments?post=227445"}],"version-history":[{"count":1,"href":"https:\/\/rnoticias.com.mx\/Portal\/wp-json\/wp\/v2\/posts\/227445\/revisions"}],"predecessor-version":[{"id":227447,"href":"https:\/\/rnoticias.com.mx\/Portal\/wp-json\/wp\/v2\/posts\/227445\/revisions\/227447"}],"wp:featuredmedia":[{"embeddable":true,"href":"https:\/\/rnoticias.com.mx\/Portal\/wp-json\/wp\/v2\/media\/227446"}],"wp:attachment":[{"href":"https:\/\/rnoticias.com.mx\/Portal\/wp-json\/wp\/v2\/media?parent=227445"}],"wp:term":[{"taxonomy":"category","embeddable":true,"href":"https:\/\/rnoticias.com.mx\/Portal\/wp-json\/wp\/v2\/categories?post=227445"},{"taxonomy":"post_tag","embeddable":true,"href":"https:\/\/rnoticias.com.mx\/Portal\/wp-json\/wp\/v2\/tags?post=227445"}],"curies":[{"name":"wp","href":"https:\/\/api.w.org\/{rel}","templated":true}]}}