{"id":227418,"date":"2025-08-21T17:59:59","date_gmt":"2025-08-22T00:59:59","guid":{"rendered":"https:\/\/rnoticias.com.mx\/Portal\/?p=227418"},"modified":"2025-08-21T17:59:59","modified_gmt":"2025-08-22T00:59:59","slug":"invita-gobierno-de-hermosillo-a-participar-en-el-triple-maraton-dando-y-dando","status":"publish","type":"post","link":"https:\/\/rnoticias.com.mx\/Portal\/2025\/08\/21\/invita-gobierno-de-hermosillo-a-participar-en-el-triple-maraton-dando-y-dando\/","title":{"rendered":"Invita Gobierno de Hermosillo a participar en el Triple Marat\u00f3n \u201cDando y Dando\u201d"},"content":{"rendered":"<p>Hermosillo, Sonora; 21 de agosto de 2025.- Tesorer\u00eda Municipal en coordinaci\u00f3n con DIF Hermosillo, invita a la ciudadan\u00eda a sumarse al Triple Marat\u00f3n \u201cDando y Dando\u201d, que se llevar\u00e1 a cabo este s\u00e1bado 23 de agosto en un horario de 9:00 a 15:00 horas.<\/p>\n<p>La directora de Ingresos de Tesorer\u00eda, Yazmina Anaya Camargo, dijo que la actividad se desarrollar\u00e1 de manera simult\u00e1nea en tres sedes: Plaza Sun Mall, Plaza Patio y Tesorer\u00eda Veracruz, donde las y los hermosillenses podr\u00e1n acudir con un donativo de \u00fatiles escolares y, a cambio, recibir atractivos descuentos en pagos de Predial y multas de Tr\u00e1nsito.<\/p>\n<p>\u201cEl objetivo es beneficiar a ni\u00f1as, ni\u00f1os y j\u00f3venes estudiantes que forman parte de los programas de apoyo del DIF Hermosillo, incentivando la solidaridad comunitaria y fortaleciendo la educaci\u00f3n\u201d, explic\u00f3 Anaya Camargo.<\/p>\n<p>Las autoridades municipales hacen un llamado a participar en esta jornada de corresponsabilidad social, que impulsa la uni\u00f3n de esfuerzos ciudadanos en beneficio de la ni\u00f1ez hermosillense.<\/p>\n","protected":false},"excerpt":{"rendered":"<p>Hermosillo, Sonora; 21 de agosto de 2025.- Tesorer\u00eda Municipal en coordinaci\u00f3n con DIF Hermosillo, invita a la ciudadan\u00eda a sumarse al Triple Marat\u00f3n \u201cDando y Dando\u201d, que se llevar\u00e1 a cabo este s\u00e1bado 23 de agosto en un horario de 9:00 a 15:00 horas. La directora de Ingresos de Tesorer\u00eda, Yazmina Anaya Camargo, dijo que [&hellip;]<\/p>\n","protected":false},"author":2,"featured_media":227419,"comment_status":"closed","ping_status":"closed","sticky":false,"template":"","format":"standard","meta":{"footnotes":""},"categories":[178],"tags":[12869],"class_list":["post-227418","post","type-post","status-publish","format-standard","has-post-thumbnail","hentry","category-local","tag-local"],"jetpack_featured_media_url":"https:\/\/rnoticias.com.mx\/Portal\/wp-content\/uploads\/2025\/08\/e179ec9f-7b0f-4aa0-928b-721c7e86676d.jpg","amp_enabled":true,"_links":{"self":[{"href":"https:\/\/rnoticias.com.mx\/Portal\/wp-json\/wp\/v2\/posts\/227418","targetHints":{"allow":["GET"]}}],"collection":[{"href":"https:\/\/rnoticias.com.mx\/Portal\/wp-json\/wp\/v2\/posts"}],"about":[{"href":"https:\/\/rnoticias.com.mx\/Portal\/wp-json\/wp\/v2\/types\/post"}],"author":[{"embeddable":true,"href":"https:\/\/rnoticias.com.mx\/Portal\/wp-json\/wp\/v2\/users\/2"}],"replies":[{"embeddable":true,"href":"https:\/\/rnoticias.com.mx\/Portal\/wp-json\/wp\/v2\/comments?post=227418"}],"version-history":[{"count":1,"href":"https:\/\/rnoticias.com.mx\/Portal\/wp-json\/wp\/v2\/posts\/227418\/revisions"}],"predecessor-version":[{"id":227420,"href":"https:\/\/rnoticias.com.mx\/Portal\/wp-json\/wp\/v2\/posts\/227418\/revisions\/227420"}],"wp:featuredmedia":[{"embeddable":true,"href":"https:\/\/rnoticias.com.mx\/Portal\/wp-json\/wp\/v2\/media\/227419"}],"wp:attachment":[{"href":"https:\/\/rnoticias.com.mx\/Portal\/wp-json\/wp\/v2\/media?parent=227418"}],"wp:term":[{"taxonomy":"category","embeddable":true,"href":"https:\/\/rnoticias.com.mx\/Portal\/wp-json\/wp\/v2\/categories?post=227418"},{"taxonomy":"post_tag","embeddable":true,"href":"https:\/\/rnoticias.com.mx\/Portal\/wp-json\/wp\/v2\/tags?post=227418"}],"curies":[{"name":"wp","href":"https:\/\/api.w.org\/{rel}","templated":true}]}}