{"id":227409,"date":"2025-08-21T17:53:47","date_gmt":"2025-08-22T00:53:47","guid":{"rendered":"https:\/\/rnoticias.com.mx\/Portal\/?p=227409"},"modified":"2025-08-21T17:53:47","modified_gmt":"2025-08-22T00:53:47","slug":"ee-uu-registra-historica-caida-de-1-4-millones-de-migrantes-en-primer-semestre-de-trump","status":"publish","type":"post","link":"https:\/\/rnoticias.com.mx\/Portal\/2025\/08\/21\/ee-uu-registra-historica-caida-de-1-4-millones-de-migrantes-en-primer-semestre-de-trump\/","title":{"rendered":"EE.UU. registra hist\u00f3rica ca\u00edda de 1.4 millones de migrantes en primer semestre de Trump"},"content":{"rendered":"<p><strong>Estados Unidos perdi\u00f3 1.4 millones\u00a0<\/strong>de\u00a0<strong>migrantes\u00a0<\/strong>en los primeros seis meses de la Administraci\u00f3n de\u00a0<strong>Donald Trump<\/strong>, lo que marca la primera ca\u00edda de la poblaci\u00f3n inmigrante desde la d\u00e9cada de 1960, revel\u00f3 este jueves un informe del Pew Research Center, referente del estudio demogr\u00e1fico del pa\u00eds.<\/p>\n<p>El instituto calcul\u00f3 51.9 millones de inmigrantes en Estados Unidos en junio, un<strong>\u00a02.6 % menos<\/strong>\u00a0que el r\u00e9cord de 53.3 millones registrado en enero, cuando comenz\u00f3 la segunda presidencia de Trump, quien ha implementado 181 acciones ejecutivas para restringir la llegada de migrantes o deportarlos, seg\u00fan cita el reporte.<\/p>\n<p>Con ello, la proporci\u00f3n de inmigrantes en la poblaci\u00f3n estadounidense cay\u00f3 de un\u00a0<strong>m\u00e1ximo hist\u00f3rico de 15.8 %<\/strong>\u00a0en enero a un 15.4 % en junio, detall\u00f3 el centro de investigaci\u00f3n.<\/p>\n<p>Adem\u00e1s, esto implica una p\u00e9rdida de\u00a0<strong>750,000 trabajadores<\/strong>, pues el 19 % de la fuerza laboral de Estados Unidos era inmigrante en junio, por debajo del 20 % de enero.<\/p>\n<p>La reducci\u00f3n de migrantes es significativa porque es la primera vez que sucede &#8220;en m\u00e1s de medio siglo&#8221; y &#8220;la \u00faltima vez que se vio algo as\u00ed fue durante la Gran Depresi\u00f3n&#8221;, expres\u00f3 a EFE el director de investigaci\u00f3n sobre raza y etnicidad del Pew Research Center, Mark L\u00f3pez.<\/p>\n<p>&nbsp;<\/p>\n<p>&nbsp;<\/p>\n<p>Fuente: EFE<\/p>\n","protected":false},"excerpt":{"rendered":"<p>Estados Unidos perdi\u00f3 1.4 millones\u00a0de\u00a0migrantes\u00a0en los primeros seis meses de la Administraci\u00f3n de\u00a0Donald Trump, lo que marca la primera ca\u00edda de la poblaci\u00f3n inmigrante desde la d\u00e9cada de 1960, revel\u00f3 este jueves un informe del Pew Research Center, referente del estudio demogr\u00e1fico del pa\u00eds. El instituto calcul\u00f3 51.9 millones de inmigrantes en Estados Unidos en [&hellip;]<\/p>\n","protected":false},"author":2,"featured_media":227410,"comment_status":"closed","ping_status":"closed","sticky":false,"template":"","format":"standard","meta":{"footnotes":""},"categories":[12870,182],"tags":[12865,12871],"class_list":["post-227409","post","type-post","status-publish","format-standard","has-post-thumbnail","hentry","category-destacadas","category-internacional","tag-destacadas","tag-internacional"],"jetpack_featured_media_url":"https:\/\/rnoticias.com.mx\/Portal\/wp-content\/uploads\/2025\/08\/ICE-redadas.jpg","amp_enabled":true,"_links":{"self":[{"href":"https:\/\/rnoticias.com.mx\/Portal\/wp-json\/wp\/v2\/posts\/227409","targetHints":{"allow":["GET"]}}],"collection":[{"href":"https:\/\/rnoticias.com.mx\/Portal\/wp-json\/wp\/v2\/posts"}],"about":[{"href":"https:\/\/rnoticias.com.mx\/Portal\/wp-json\/wp\/v2\/types\/post"}],"author":[{"embeddable":true,"href":"https:\/\/rnoticias.com.mx\/Portal\/wp-json\/wp\/v2\/users\/2"}],"replies":[{"embeddable":true,"href":"https:\/\/rnoticias.com.mx\/Portal\/wp-json\/wp\/v2\/comments?post=227409"}],"version-history":[{"count":1,"href":"https:\/\/rnoticias.com.mx\/Portal\/wp-json\/wp\/v2\/posts\/227409\/revisions"}],"predecessor-version":[{"id":227411,"href":"https:\/\/rnoticias.com.mx\/Portal\/wp-json\/wp\/v2\/posts\/227409\/revisions\/227411"}],"wp:featuredmedia":[{"embeddable":true,"href":"https:\/\/rnoticias.com.mx\/Portal\/wp-json\/wp\/v2\/media\/227410"}],"wp:attachment":[{"href":"https:\/\/rnoticias.com.mx\/Portal\/wp-json\/wp\/v2\/media?parent=227409"}],"wp:term":[{"taxonomy":"category","embeddable":true,"href":"https:\/\/rnoticias.com.mx\/Portal\/wp-json\/wp\/v2\/categories?post=227409"},{"taxonomy":"post_tag","embeddable":true,"href":"https:\/\/rnoticias.com.mx\/Portal\/wp-json\/wp\/v2\/tags?post=227409"}],"curies":[{"name":"wp","href":"https:\/\/api.w.org\/{rel}","templated":true}]}}