{"id":227388,"date":"2025-08-21T17:17:36","date_gmt":"2025-08-22T00:17:36","guid":{"rendered":"https:\/\/rnoticias.com.mx\/Portal\/?p=227388"},"modified":"2025-08-21T17:17:36","modified_gmt":"2025-08-22T00:17:36","slug":"exigen-cruce-peatonal-seguro-frente-a-unison","status":"publish","type":"post","link":"https:\/\/rnoticias.com.mx\/Portal\/2025\/08\/21\/exigen-cruce-peatonal-seguro-frente-a-unison\/","title":{"rendered":"Exigen cruce peatonal seguro frente a Unison"},"content":{"rendered":"<p>Inseguridad, falta de accesibilidad y trayectos excesivos son las principales razones por las que estudiantes de la Universidad de Sonora piden al municipio restablecer el cruce a nivel de piso sobre el bulevar Luis Encinas.<\/p>\n<p>&nbsp;<\/p>\n<p>La presidenta del Consejo Estudiantil de Sociedades de Alumnos, Melissa Samaniego Encinas, expuso que el puente peatonal construido en ese punto, no responde a las necesidades de la comunidad, pues obliga a caminar seis veces m\u00e1s de lo necesario, carece de iluminaci\u00f3n, presenta condiciones insalubres y resulta inaccesible para adultos mayores y personas con discapacidad.<\/p>\n<p>&nbsp;<\/p>\n<p>De momento hemos computado 2 mil firmas de estudiantes, docentes, comunidad en general,\u00a0egresados que tambi\u00e9n compartieron sus experiencias y muchas de las quejas que tienen los estudiantes es la inseguridad, la falta de iluminaci\u00f3n,\u00a0que este puente llega a ser insalubre porque se encuentran heces fecales, jeringas tiradas,\u00a0personas en condici\u00f3n de calle que lejos de querer criminalizarlas,\u00a0nos preocupamos por la situaci\u00f3n en la que se encuentran\u201d, coment\u00f3.<\/p>\n<p>&nbsp;<\/p>\n<p>Finalmente, mencion\u00f3 que esas solicitudes esperan pueda prosperar pronto y que se tome en cuenta al peat\u00f3n no solo a los autom\u00f3viles que por ah\u00ed circulan todos los d\u00edas.<\/p>\n<p>&nbsp;<\/p>\n<p>&nbsp;<\/p>\n","protected":false},"excerpt":{"rendered":"<p>Inseguridad, falta de accesibilidad y trayectos excesivos son las principales razones por las que estudiantes de la Universidad de Sonora piden al municipio restablecer el cruce a nivel de piso sobre el bulevar Luis Encinas. &nbsp; La presidenta del Consejo Estudiantil de Sociedades de Alumnos, Melissa Samaniego Encinas, expuso que el puente peatonal construido en [&hellip;]<\/p>\n","protected":false},"author":2,"featured_media":227389,"comment_status":"closed","ping_status":"closed","sticky":false,"template":"","format":"standard","meta":{"footnotes":""},"categories":[12870,178],"tags":[12865,12869],"class_list":["post-227388","post","type-post","status-publish","format-standard","has-post-thumbnail","hentry","category-destacadas","category-local","tag-destacadas","tag-local"],"jetpack_featured_media_url":"https:\/\/rnoticias.com.mx\/Portal\/wp-content\/uploads\/2025\/08\/fd935302-de52-48b9-8b3a-44b9d53a132d.jpg","amp_enabled":true,"_links":{"self":[{"href":"https:\/\/rnoticias.com.mx\/Portal\/wp-json\/wp\/v2\/posts\/227388","targetHints":{"allow":["GET"]}}],"collection":[{"href":"https:\/\/rnoticias.com.mx\/Portal\/wp-json\/wp\/v2\/posts"}],"about":[{"href":"https:\/\/rnoticias.com.mx\/Portal\/wp-json\/wp\/v2\/types\/post"}],"author":[{"embeddable":true,"href":"https:\/\/rnoticias.com.mx\/Portal\/wp-json\/wp\/v2\/users\/2"}],"replies":[{"embeddable":true,"href":"https:\/\/rnoticias.com.mx\/Portal\/wp-json\/wp\/v2\/comments?post=227388"}],"version-history":[{"count":1,"href":"https:\/\/rnoticias.com.mx\/Portal\/wp-json\/wp\/v2\/posts\/227388\/revisions"}],"predecessor-version":[{"id":227390,"href":"https:\/\/rnoticias.com.mx\/Portal\/wp-json\/wp\/v2\/posts\/227388\/revisions\/227390"}],"wp:featuredmedia":[{"embeddable":true,"href":"https:\/\/rnoticias.com.mx\/Portal\/wp-json\/wp\/v2\/media\/227389"}],"wp:attachment":[{"href":"https:\/\/rnoticias.com.mx\/Portal\/wp-json\/wp\/v2\/media?parent=227388"}],"wp:term":[{"taxonomy":"category","embeddable":true,"href":"https:\/\/rnoticias.com.mx\/Portal\/wp-json\/wp\/v2\/categories?post=227388"},{"taxonomy":"post_tag","embeddable":true,"href":"https:\/\/rnoticias.com.mx\/Portal\/wp-json\/wp\/v2\/tags?post=227388"}],"curies":[{"name":"wp","href":"https:\/\/api.w.org\/{rel}","templated":true}]}}